{"id":149,"date":"2020-11-10T08:29:46","date_gmt":"2020-11-10T07:29:46","guid":{"rendered":"http:\/\/www.svwasserfreunde.de\/?p=149"},"modified":"2020-11-15T20:46:38","modified_gmt":"2020-11-15T19:46:38","slug":"restart-2-0","status":"publish","type":"post","link":"https:\/\/www.svwasserfreunde.de\/?p=149","title":{"rendered":"ReStart 2.0"},"content":{"rendered":"\n<p>Das Th\u00fcringer Gesundheitsministerium informierte, dass es Anpassungen der bisherigen Corona-Verordnung gibt, die den organisierten Freizeitsport f\u00fcr Kinder und Jugendliche bis 18 Jahre unter Einhaltung von Hygienevorschriften erm\u00f6glichen. Da dies auch unseren Verein betrifft, wurden die Gespr\u00e4che mit dem B\u00e4derteam der Meininger Stadtwerke und den \u00dcbungsleitern gesucht und gef\u00fchrt &#8230; und jetzt die gute Nachricht: <strong>Ab Donnerstag, den 12.11.2020,<\/strong> k\u00f6nnen wir wieder in <strong>einen &#8222;angepassten&#8220; Trainingsbetrieb<\/strong> einsteigen. &#8222;Angepasst&#8220; bedeutet in diesem Fall, dass nicht alle Trainingszeiten m\u00f6glich sind und deshalb \u00fcber die neue Einteilung per e-Mail informiert wird. Die Mails gehen heute (Dienstag, 10.11.) raus. Also pr\u00fcft bitte euren Posteingang und unterst\u00fctzt die \u00dcbungsleiter und Verantwortlichen im Bad, bei der Einhaltung des Hygienekonzeptes. Je disziplinierter wir hier agieren, desto l\u00e4nger und stabiler k\u00f6nnen wir den Trainingsbetrieb in dieser beschr\u00e4nkten Zeit aufrecht halten. Vielen Dank f\u00fcr euer Verst\u00e4ndnis und Sport Frei!<\/p>\n","protected":false},"excerpt":{"rendered":"<p>Das Th\u00fcringer Gesundheitsministerium informierte, dass es Anpassungen der bisherigen Corona-Verordnung gibt, die den organisierten Freizeitsport f\u00fcr Kinder und Jugendliche bis 18 Jahre unter Einhaltung von Hygienevorschriften erm\u00f6glichen. Da dies auch unseren Verein betrifft, wurden die Gespr\u00e4che mit dem B\u00e4derteam der &hellip; <\/p>\n","protected":false},"author":3,"featured_media":153,"comment_status":"closed","ping_status":"open","sticky":false,"template":"","format":"standard","meta":{"footnotes":""},"categories":[1],"tags":[],"class_list":["post-149","post","type-post","status-publish","format-standard","has-post-thumbnail","hentry","category-uncategorized"],"_links":{"self":[{"href":"https:\/\/www.svwasserfreunde.de\/index.php?rest_route=\/wp\/v2\/posts\/149","targetHints":{"allow":["GET"]}}],"collection":[{"href":"https:\/\/www.svwasserfreunde.de\/index.php?rest_route=\/wp\/v2\/posts"}],"about":[{"href":"https:\/\/www.svwasserfreunde.de\/index.php?rest_route=\/wp\/v2\/types\/post"}],"author":[{"embeddable":true,"href":"https:\/\/www.svwasserfreunde.de\/index.php?rest_route=\/wp\/v2\/users\/3"}],"replies":[{"embeddable":true,"href":"https:\/\/www.svwasserfreunde.de\/index.php?rest_route=%2Fwp%2Fv2%2Fcomments&post=149"}],"version-history":[{"count":2,"href":"https:\/\/www.svwasserfreunde.de\/index.php?rest_route=\/wp\/v2\/posts\/149\/revisions"}],"predecessor-version":[{"id":152,"href":"https:\/\/www.svwasserfreunde.de\/index.php?rest_route=\/wp\/v2\/posts\/149\/revisions\/152"}],"wp:featuredmedia":[{"embeddable":true,"href":"https:\/\/www.svwasserfreunde.de\/index.php?rest_route=\/wp\/v2\/media\/153"}],"wp:attachment":[{"href":"https:\/\/www.svwasserfreunde.de\/index.php?rest_route=%2Fwp%2Fv2%2Fmedia&parent=149"}],"wp:term":[{"taxonomy":"category","embeddable":true,"href":"https:\/\/www.svwasserfreunde.de\/index.php?rest_route=%2Fwp%2Fv2%2Fcategories&post=149"},{"taxonomy":"post_tag","embeddable":true,"href":"https:\/\/www.svwasserfreunde.de\/index.php?rest_route=%2Fwp%2Fv2%2Ftags&post=149"}],"curies":[{"name":"wp","href":"https:\/\/api.w.org\/{rel}","templated":true}]}}