{"id":159,"date":"2020-11-15T20:43:13","date_gmt":"2020-11-15T19:43:13","guid":{"rendered":"http:\/\/www.svwasserfreunde.de\/?p=159"},"modified":"2020-11-15T20:50:33","modified_gmt":"2020-11-15T19:50:33","slug":"drei-drei-eins","status":"publish","type":"post","link":"https:\/\/www.svwasserfreunde.de\/?p=159","title":{"rendered":"Drei-Drei-Eins!"},"content":{"rendered":"\n<p>Insgesamt drei Mal wurden wir am Freitagabend zur B\u00fchne bei der Meininger Sportlerehrung gerufen. Ian Meinhardt erreichte Platz 3 bei den beliebtesten Nachwuchssportlern Einzel, Anna-Lena Kamp durfte sich bei den &#8222;gro\u00dfen&#8220; Sportlerinnen auch \u00fcber Platz 3 freuen und unser Vereinsvorsitzender Micha Brenz durfte bei der Vereinswertung auf dem Podest nach ganz oben und sich zu Sieg gratulieren lassen. Dass unsere Kollegen der Wasserwacht in der Kategorie &#8222;Nachwuchs Mannschaft&#8220; auch den Sieg holten, machten den Abend aus Schwimmersicht noch richtig rund! Wir freuen uns riesig \u00fcber die Auszeichnungen und gratulieren allen anderen Platzierten. Bedanken m\u00f6chten wir uns ganz herzlich bei Sponsoren, Partnern, Unterst\u00fctzern, der Stadt Meiningen, der Prachtregion, dem Meininger Tageblatt und dem HCS Medienwerk, die unter den beschr\u00e4nkten Voraussetzungen gemeinsam die mit Abstand beste Sportlerehrung zelebrierten. Vielen Dank!<\/p>\n\n\n\n<p>Die gesamte Sportlerehrung in bewegten und bewegenden Bildern:<\/p>\n\n\n\n<p><a href=\"https:\/\/www.youtube.com\/watch?v=a5e4Iyyz8sw&amp;feature=emb_logo&amp;fbclid=IwAR3FH4rPXOKuObIDAr-YXhxcokH9iU0d0meFgnCjDKAikevzf6EOxItGp5w\">https:\/\/www.youtube.com\/watch?v=a5e4Iyyz8sw&amp;feature=emb_logo&amp;fbclid=IwAR3FH4rPXOKuObIDAr-YXhxcokH9iU0d0meFgnCjDKAikevzf6EOxItGp5w<\/a><\/p>\n\n\n\n<p>Mehr Fotos findet ihr unter:<\/p>\n\n\n\n<p><a href=\"https:\/\/www.insuedthueringen.de\/fotos\/nachrichten\/Sportlerball-Meiningen;cme681248,6922691?fbclid=IwAR2d8bHsN32LAYukvVf0xn-twldsWWpEDzbC1hcWMtRxsU0sXZiI8RX-XIY\">https:\/\/www.insuedthueringen.de\/fotos\/nachrichten\/Sportlerball-Meiningen;cme681248,6922691?fbclid=IwAR2d8bHsN32LAYukvVf0xn-twldsWWpEDzbC1hcWMtRxsU0sXZiI8RX-XIY<\/a><\/p>\n","protected":false},"excerpt":{"rendered":"<p>Insgesamt drei Mal wurden wir am Freitagabend zur B\u00fchne bei der Meininger Sportlerehrung gerufen. Ian Meinhardt erreichte Platz 3 bei den beliebtesten Nachwuchssportlern Einzel, Anna-Lena Kamp durfte sich bei den &#8222;gro\u00dfen&#8220; Sportlerinnen auch \u00fcber Platz 3 freuen und unser Vereinsvorsitzender &hellip; <\/p>\n","protected":false},"author":3,"featured_media":156,"comment_status":"closed","ping_status":"open","sticky":false,"template":"","format":"standard","meta":{"footnotes":""},"categories":[1],"tags":[],"class_list":["post-159","post","type-post","status-publish","format-standard","has-post-thumbnail","hentry","category-uncategorized"],"_links":{"self":[{"href":"https:\/\/www.svwasserfreunde.de\/index.php?rest_route=\/wp\/v2\/posts\/159","targetHints":{"allow":["GET"]}}],"collection":[{"href":"https:\/\/www.svwasserfreunde.de\/index.php?rest_route=\/wp\/v2\/posts"}],"about":[{"href":"https:\/\/www.svwasserfreunde.de\/index.php?rest_route=\/wp\/v2\/types\/post"}],"author":[{"embeddable":true,"href":"https:\/\/www.svwasserfreunde.de\/index.php?rest_route=\/wp\/v2\/users\/3"}],"replies":[{"embeddable":true,"href":"https:\/\/www.svwasserfreunde.de\/index.php?rest_route=%2Fwp%2Fv2%2Fcomments&post=159"}],"version-history":[{"count":2,"href":"https:\/\/www.svwasserfreunde.de\/index.php?rest_route=\/wp\/v2\/posts\/159\/revisions"}],"predecessor-version":[{"id":162,"href":"https:\/\/www.svwasserfreunde.de\/index.php?rest_route=\/wp\/v2\/posts\/159\/revisions\/162"}],"wp:featuredmedia":[{"embeddable":true,"href":"https:\/\/www.svwasserfreunde.de\/index.php?rest_route=\/wp\/v2\/media\/156"}],"wp:attachment":[{"href":"https:\/\/www.svwasserfreunde.de\/index.php?rest_route=%2Fwp%2Fv2%2Fmedia&parent=159"}],"wp:term":[{"taxonomy":"category","embeddable":true,"href":"https:\/\/www.svwasserfreunde.de\/index.php?rest_route=%2Fwp%2Fv2%2Fcategories&post=159"},{"taxonomy":"post_tag","embeddable":true,"href":"https:\/\/www.svwasserfreunde.de\/index.php?rest_route=%2Fwp%2Fv2%2Ftags&post=159"}],"curies":[{"name":"wp","href":"https:\/\/api.w.org\/{rel}","templated":true}]}}