{"id":16,"date":"2020-10-30T22:28:14","date_gmt":"2020-10-30T21:28:14","guid":{"rendered":"http:\/\/2020.svwasserfreunde.de\/?p=16"},"modified":"2020-11-10T08:31:25","modified_gmt":"2020-11-10T07:31:25","slug":"bad-geschlossen","status":"publish","type":"post","link":"https:\/\/www.svwasserfreunde.de\/?p=16","title":{"rendered":"Schwimmbad geschlossen"},"content":{"rendered":"\n<p class=\"has-normal-font-size\">Liebe Vereinsmitglieder, das Hallenbad schlie\u00dft am 2. November 2020 erneut. Damit m\u00fcssen auch wir erneut den Trainingsbetrieb einstellen. Per Mail werden wir weitere Informationen an euch senden und \u00fcber den hoffentlich bald erfolgenden zweiten Neustart in diesem Jahr informieren. Wir sind sehr traurig und entt\u00e4uscht \u00fcber diese Situation und verstehen das undifferenziert betrachtete und komplette Herunterfahren des Vereinssports nicht. Wir k\u00f6nnen nur um euer Verst\u00e4ndnis und eure Treue zum Verein bitten. Bleibt gesund und fit f\u00fcr die n\u00e4chsten sportlichen Herausforderungen. Der Vorstand<\/p>\n","protected":false},"excerpt":{"rendered":"<p>Liebe Vereinsmitglieder, das Hallenbad schlie\u00dft am 2. November 2020 erneut. Damit m\u00fcssen auch wir erneut den Trainingsbetrieb einstellen. Per Mail werden wir weitere Informationen an euch senden und \u00fcber den hoffentlich bald erfolgenden zweiten Neustart in diesem Jahr informieren. Wir &hellip; <\/p>\n","protected":false},"author":3,"featured_media":117,"comment_status":"closed","ping_status":"closed","sticky":false,"template":"","format":"image","meta":{"footnotes":""},"categories":[1],"tags":[],"class_list":["post-16","post","type-post","status-publish","format-image","has-post-thumbnail","hentry","category-uncategorized","post_format-post-format-image"],"_links":{"self":[{"href":"https:\/\/www.svwasserfreunde.de\/index.php?rest_route=\/wp\/v2\/posts\/16","targetHints":{"allow":["GET"]}}],"collection":[{"href":"https:\/\/www.svwasserfreunde.de\/index.php?rest_route=\/wp\/v2\/posts"}],"about":[{"href":"https:\/\/www.svwasserfreunde.de\/index.php?rest_route=\/wp\/v2\/types\/post"}],"author":[{"embeddable":true,"href":"https:\/\/www.svwasserfreunde.de\/index.php?rest_route=\/wp\/v2\/users\/3"}],"replies":[{"embeddable":true,"href":"https:\/\/www.svwasserfreunde.de\/index.php?rest_route=%2Fwp%2Fv2%2Fcomments&post=16"}],"version-history":[{"count":4,"href":"https:\/\/www.svwasserfreunde.de\/index.php?rest_route=\/wp\/v2\/posts\/16\/revisions"}],"predecessor-version":[{"id":66,"href":"https:\/\/www.svwasserfreunde.de\/index.php?rest_route=\/wp\/v2\/posts\/16\/revisions\/66"}],"wp:featuredmedia":[{"embeddable":true,"href":"https:\/\/www.svwasserfreunde.de\/index.php?rest_route=\/wp\/v2\/media\/117"}],"wp:attachment":[{"href":"https:\/\/www.svwasserfreunde.de\/index.php?rest_route=%2Fwp%2Fv2%2Fmedia&parent=16"}],"wp:term":[{"taxonomy":"category","embeddable":true,"href":"https:\/\/www.svwasserfreunde.de\/index.php?rest_route=%2Fwp%2Fv2%2Fcategories&post=16"},{"taxonomy":"post_tag","embeddable":true,"href":"https:\/\/www.svwasserfreunde.de\/index.php?rest_route=%2Fwp%2Fv2%2Ftags&post=16"}],"curies":[{"name":"wp","href":"https:\/\/api.w.org\/{rel}","templated":true}]}}