{"id":1735,"date":"2025-12-02T11:50:04","date_gmt":"2025-12-02T10:50:04","guid":{"rendered":"https:\/\/www.svwasserfreunde.de\/?p=1735"},"modified":"2025-12-04T11:51:05","modified_gmt":"2025-12-04T10:51:05","slug":"29-30-11-25-adventsschwimmfest-erfurt","status":"publish","type":"post","link":"https:\/\/www.svwasserfreunde.de\/?p=1735","title":{"rendered":"29.-30.11.25 Adventsschwimmfest Erfurt"},"content":{"rendered":"\n<p>Die Meininger Schwimmverein &#8222;Wasserfreunde&#8220; e.V. blicken auf ein fantastisches Wochenende in der Roland <a><\/a>Matthes Schwimmhalle in Erfurt zur\u00fcck, wo vom 29.11.2025 bis zum 30.11.2025 das 32. Adventsschwimmfest des SSV Erfurt Nord stattfand.<\/p>\n\n\n\n<p>Starkes Teilnehmerfeld best\u00e4tigt hohe Wettkampfqualit\u00e4t<\/p>\n\n\n\n<p>Die Konkurrenz war beeindruckend! Bei diesem Langbahn-Event (50m Bahn) traten insgesamt 411 Teilnehmer aus ganz Deutschland, neben der Konkurrenz aus Th\u00fcringen mussten sich diesmal unsere Sportler auch gegen die starken Vereine aus Bayern, Berlin, Brandenburg, Hessen, Mecklenburg-Vorpommern, Niedersachsen, Sachsen und Sachsen-Anhalt sowie gegen eine Delegation aus der Schweiz durchsetzen. Trotz dieser starken nationalen und internationalen Besetzung konnten unsere 18 Teilnehmer herausragende Leistungen erzielen.<\/p>\n\n\n\n<p>Unsere Athleten holten insgesamt 31 Podestpl\u00e4tze in den Einzelwertungen:<\/p>\n\n\n\n<p>\u2022 8-mal Gold<\/p>\n\n\n\n<p>\u2022 9-mal Silber<\/p>\n\n\n\n<p>\u2022 14-mal Bronze<\/p>\n\n\n\n<p>Lucas Hoffmann triumphierte und siegte bei seinen vier Starts \u00fcber die 200m Strecken in Lagen, Freistil, R\u00fccken und Brust. Wir sind unglaublich stolz auf die hervorragenden Ergebnisse und die zahlreichen pers\u00f6nlichen Bestzeiten unserer Schwimmer! Herzlichen Gl\u00fcckwunsch an das gesamte Team f\u00fcr dieses gro\u00dfartige aber auch anstrengende Wettkampfwochenende!<\/p>\n\n\n\n<p>Ein besonderer Dank gilt auch J\u00f6rg Kleinsteiber, Trainer der Nachwuchsleistungssportgruppen 4. und 5.Klasse sowie unseren Kampfrichtern Daniel Koch, Mandy Ansorg und J\u00fcrgen G\u00f6pfert.<\/p>\n\n\n\n<p>Nun freuen wir uns auf den Saisonabschluss am 13.12.25 in Meiningen.<\/p>\n","protected":false},"excerpt":{"rendered":"<p>Die Meininger Schwimmverein &#8222;Wasserfreunde&#8220; e.V. blicken auf ein fantastisches Wochenende in der Roland Matthes Schwimmhalle in Erfurt zur\u00fcck, wo vom 29.11.2025 bis zum 30.11.2025 das 32. Adventsschwimmfest des SSV Erfurt Nord stattfand. Starkes Teilnehmerfeld best\u00e4tigt hohe Wettkampfqualit\u00e4t Die Konkurrenz war &hellip; <\/p>\n","protected":false},"author":4,"featured_media":1736,"comment_status":"closed","ping_status":"open","sticky":false,"template":"","format":"standard","meta":{"footnotes":""},"categories":[1],"tags":[],"class_list":["post-1735","post","type-post","status-publish","format-standard","has-post-thumbnail","hentry","category-uncategorized"],"_links":{"self":[{"href":"https:\/\/www.svwasserfreunde.de\/index.php?rest_route=\/wp\/v2\/posts\/1735","targetHints":{"allow":["GET"]}}],"collection":[{"href":"https:\/\/www.svwasserfreunde.de\/index.php?rest_route=\/wp\/v2\/posts"}],"about":[{"href":"https:\/\/www.svwasserfreunde.de\/index.php?rest_route=\/wp\/v2\/types\/post"}],"author":[{"embeddable":true,"href":"https:\/\/www.svwasserfreunde.de\/index.php?rest_route=\/wp\/v2\/users\/4"}],"replies":[{"embeddable":true,"href":"https:\/\/www.svwasserfreunde.de\/index.php?rest_route=%2Fwp%2Fv2%2Fcomments&post=1735"}],"version-history":[{"count":1,"href":"https:\/\/www.svwasserfreunde.de\/index.php?rest_route=\/wp\/v2\/posts\/1735\/revisions"}],"predecessor-version":[{"id":1737,"href":"https:\/\/www.svwasserfreunde.de\/index.php?rest_route=\/wp\/v2\/posts\/1735\/revisions\/1737"}],"wp:featuredmedia":[{"embeddable":true,"href":"https:\/\/www.svwasserfreunde.de\/index.php?rest_route=\/wp\/v2\/media\/1736"}],"wp:attachment":[{"href":"https:\/\/www.svwasserfreunde.de\/index.php?rest_route=%2Fwp%2Fv2%2Fmedia&parent=1735"}],"wp:term":[{"taxonomy":"category","embeddable":true,"href":"https:\/\/www.svwasserfreunde.de\/index.php?rest_route=%2Fwp%2Fv2%2Fcategories&post=1735"},{"taxonomy":"post_tag","embeddable":true,"href":"https:\/\/www.svwasserfreunde.de\/index.php?rest_route=%2Fwp%2Fv2%2Ftags&post=1735"}],"curies":[{"name":"wp","href":"https:\/\/api.w.org\/{rel}","templated":true}]}}