{"id":1774,"date":"2025-12-30T16:43:04","date_gmt":"2025-12-30T15:43:04","guid":{"rendered":"https:\/\/www.svwasserfreunde.de\/?p=1774"},"modified":"2026-01-12T16:46:51","modified_gmt":"2026-01-12T15:46:51","slug":"28-29-12-25-dankeschoen-tour-zum-jahresende-teamgeist-pur","status":"publish","type":"post","link":"https:\/\/www.svwasserfreunde.de\/?p=1774","title":{"rendered":"28.-29.12.25 Dankesch\u00f6n-Tour zum Jahresende \u2013 Teamgeist pur!"},"content":{"rendered":"\n<p>Zum Jahresende hie\u00df es bei uns: Laufschuhe an, Kletterschuhe geschn\u00fcrt und gemeinsam unterwegs!<\/p>\n\n\n\n<p>Am <a><\/a>Morgen des 28.12. starteten wir beim Silvesterlauf \u2013 und r\u00e4umten direkt den Pokal f\u00fcr den teilnehmerst\u00e4rksten Verein ab <img loading=\"lazy\" decoding=\"async\" height=\"16\" width=\"16\" alt=\"&#x1f3c6;\" src=\"https:\/\/static.xx.fbcdn.net\/images\/emoji.php\/v9\/tbe\/1\/16\/1f3c6.png\"><img loading=\"lazy\" decoding=\"async\" height=\"16\" width=\"16\" alt=\"&#x1f525;\" src=\"https:\/\/static.xx.fbcdn.net\/images\/emoji.php\/v9\/t50\/1\/16\/1f525.png\">. Besser kann ein Tag kaum beginnen!<\/p>\n\n\n\n<p>Um 14:00 Uhr ging es dann mit einem Bus der Meininger Busbetriebe und rund 60 gut gelaunten Mitstreitern Richtung Erfurt. Erste Station: die Kletterhalle Nordwand. Ob Klettern oder Bouldern \u2013 neue Herausforderungen, jede Menge Spa\u00df, gegenseitiges Anfeuern und ganz viel Teamspirit <img loading=\"lazy\" decoding=\"async\" height=\"16\" width=\"16\" alt=\"&#x1f9d7;&#x200d;&#x2640;&#xfe0f;\" src=\"https:\/\/static.xx.fbcdn.net\/images\/emoji.php\/v9\/t92\/1\/16\/1f9d7_200d_2640.png\"><img loading=\"lazy\" decoding=\"async\" height=\"16\" width=\"16\" alt=\"&#x1f91d;\" src=\"https:\/\/static.xx.fbcdn.net\/images\/emoji.php\/v9\/t64\/1\/16\/1f91d.png\">.<\/p>\n\n\n\n<p>Danach Check-in im H2 Hotel mitten in der Erfurter Innenstadt. Den Abend lie\u00dfen wir sportlich-entspannt bei gutem Essen, tollen Gespr\u00e4chen und viel Lachen ausklingen.<\/p>\n\n\n\n<p>Am 29.12. ging es nach dem gemeinsamen Fr\u00fchst\u00fcck wieder zur\u00fcck nach Hause \u2013 im Gep\u00e4ck viele sch\u00f6ne Erinnerungen.<\/p>\n\n\n\n<p>Ein riesengro\u00dfes Dankesch\u00f6n an unsere ehrenamtlichen \u00dcbungsleiter, Kampfrichter und den Vorstand \u2013 ihr seid das Herz unseres Vereins! <img loading=\"lazy\" decoding=\"async\" height=\"16\" width=\"16\" alt=\"&#x2764;&#xfe0f;\" src=\"https:\/\/static.xx.fbcdn.net\/images\/emoji.php\/v9\/t6c\/1\/16\/2764.png\"><\/p>\n\n\n\n<p>Danke auch an das Land Th\u00fcringen: Ohne die Unterst\u00fctzung des Th\u00fcringer Landtages und der Th\u00fcringer Staatskanzlei w\u00e4re diese Dankesch\u00f6n-Tour und die damit verbundene W\u00fcrdigung der ehrenamtlichen Arbeit so <a href=\"https:\/\/www.facebook.com\/hashtag\/ehrenamt?__eep__=6&amp;__cft__[0]=AZZNCNNo8s80glwKGLeweiltu94t36N9Aojv35f7FOMg7Ux56thIGob3eIGpdnjoJgm3M7v65WhEaKMYg9kOtZmjgo5FqQRTvmLvNjAuJdSzAUZ_eN2IpXNUWRP17nvd02tq31E--D4pJYWIUI2E8KEIFaLiCBGowbq4dMFs5kYn7tDCX7TW3DHTAjg-WUXjaz8&amp;__tn__=*NK-R\">#ehrenamt<\/a><a href=\"https:\/\/www.facebook.com\/hashtag\/th%C3%BCringen?__eep__=6&amp;__cft__[0]=AZZNCNNo8s80glwKGLeweiltu94t36N9Aojv35f7FOMg7Ux56thIGob3eIGpdnjoJgm3M7v65WhEaKMYg9kOtZmjgo5FqQRTvmLvNjAuJdSzAUZ_eN2IpXNUWRP17nvd02tq31E--D4pJYWIUI2E8KEIFaLiCBGowbq4dMFs5kYn7tDCX7TW3DHTAjg-WUXjaz8&amp;__tn__=*NK-R\">#th\u00fcringen<\/a><a href=\"https:\/\/www.facebook.com\/hashtag\/ehrenamtsf%C3%B6rderung?__eep__=6&amp;__cft__[0]=AZZNCNNo8s80glwKGLeweiltu94t36N9Aojv35f7FOMg7Ux56thIGob3eIGpdnjoJgm3M7v65WhEaKMYg9kOtZmjgo5FqQRTvmLvNjAuJdSzAUZ_eN2IpXNUWRP17nvd02tq31E--D4pJYWIUI2E8KEIFaLiCBGowbq4dMFs5kYn7tDCX7TW3DHTAjg-WUXjaz8&amp;__tn__=*NK-R\">#ehrenamtsf\u00f6rderung<\/a> nicht m\u00f6glich gewesen.<\/p>\n\n\n\n<figure class=\"wp-block-gallery has-nested-images columns-default is-cropped wp-block-gallery-1 is-layout-flex wp-block-gallery-is-layout-flex\">\n<figure class=\"wp-block-image size-large\"><img loading=\"lazy\" decoding=\"async\" width=\"819\" height=\"1024\" data-id=\"1778\" src=\"https:\/\/www.svwasserfreunde.de\/wp-content\/uploads\/2026\/01\/603880449_1423817109750631_990196680256101870_n-819x1024.jpg\" alt=\"\" class=\"wp-image-1778\" srcset=\"https:\/\/www.svwasserfreunde.de\/wp-content\/uploads\/2026\/01\/603880449_1423817109750631_990196680256101870_n-819x1024.jpg 819w, https:\/\/www.svwasserfreunde.de\/wp-content\/uploads\/2026\/01\/603880449_1423817109750631_990196680256101870_n-240x300.jpg 240w, https:\/\/www.svwasserfreunde.de\/wp-content\/uploads\/2026\/01\/603880449_1423817109750631_990196680256101870_n-768x960.jpg 768w, https:\/\/www.svwasserfreunde.de\/wp-content\/uploads\/2026\/01\/603880449_1423817109750631_990196680256101870_n-1229x1536.jpg 1229w, https:\/\/www.svwasserfreunde.de\/wp-content\/uploads\/2026\/01\/603880449_1423817109750631_990196680256101870_n.jpg 1368w\" sizes=\"auto, (max-width: 819px) 100vw, 819px\" \/><\/figure>\n\n\n\n<figure class=\"wp-block-image size-large\"><img loading=\"lazy\" decoding=\"async\" width=\"1024\" height=\"768\" data-id=\"1779\" src=\"https:\/\/www.svwasserfreunde.de\/wp-content\/uploads\/2026\/01\/605206663_1423817076417301_6724523501005142370_n-1024x768.jpg\" alt=\"\" class=\"wp-image-1779\" srcset=\"https:\/\/www.svwasserfreunde.de\/wp-content\/uploads\/2026\/01\/605206663_1423817076417301_6724523501005142370_n-1024x768.jpg 1024w, https:\/\/www.svwasserfreunde.de\/wp-content\/uploads\/2026\/01\/605206663_1423817076417301_6724523501005142370_n-300x225.jpg 300w, https:\/\/www.svwasserfreunde.de\/wp-content\/uploads\/2026\/01\/605206663_1423817076417301_6724523501005142370_n-768x576.jpg 768w, https:\/\/www.svwasserfreunde.de\/wp-content\/uploads\/2026\/01\/605206663_1423817076417301_6724523501005142370_n-1536x1152.jpg 1536w, https:\/\/www.svwasserfreunde.de\/wp-content\/uploads\/2026\/01\/605206663_1423817076417301_6724523501005142370_n.jpg 2000w\" sizes=\"auto, (max-width: 1024px) 100vw, 1024px\" \/><\/figure>\n\n\n\n<figure class=\"wp-block-image size-large\"><img loading=\"lazy\" decoding=\"async\" width=\"819\" height=\"1024\" data-id=\"1776\" src=\"https:\/\/www.svwasserfreunde.de\/wp-content\/uploads\/2026\/01\/605752831_1423817139750628_5994243059701396020_n-819x1024.jpg\" alt=\"\" class=\"wp-image-1776\" srcset=\"https:\/\/www.svwasserfreunde.de\/wp-content\/uploads\/2026\/01\/605752831_1423817139750628_5994243059701396020_n-819x1024.jpg 819w, https:\/\/www.svwasserfreunde.de\/wp-content\/uploads\/2026\/01\/605752831_1423817139750628_5994243059701396020_n-240x300.jpg 240w, https:\/\/www.svwasserfreunde.de\/wp-content\/uploads\/2026\/01\/605752831_1423817139750628_5994243059701396020_n-768x960.jpg 768w, https:\/\/www.svwasserfreunde.de\/wp-content\/uploads\/2026\/01\/605752831_1423817139750628_5994243059701396020_n-1229x1536.jpg 1229w, https:\/\/www.svwasserfreunde.de\/wp-content\/uploads\/2026\/01\/605752831_1423817139750628_5994243059701396020_n.jpg 1368w\" sizes=\"auto, (max-width: 819px) 100vw, 819px\" \/><\/figure>\n<\/figure>\n","protected":false},"excerpt":{"rendered":"<p>Zum Jahresende hie\u00df es bei uns: Laufschuhe an, Kletterschuhe geschn\u00fcrt und gemeinsam unterwegs! Am Morgen des 28.12. starteten wir beim Silvesterlauf \u2013 und r\u00e4umten direkt den Pokal f\u00fcr den teilnehmerst\u00e4rksten Verein ab . Besser kann ein Tag kaum beginnen! Um &hellip; <\/p>\n","protected":false},"author":4,"featured_media":1775,"comment_status":"closed","ping_status":"open","sticky":false,"template":"","format":"standard","meta":{"footnotes":""},"categories":[1],"tags":[],"class_list":["post-1774","post","type-post","status-publish","format-standard","has-post-thumbnail","hentry","category-uncategorized"],"_links":{"self":[{"href":"https:\/\/www.svwasserfreunde.de\/index.php?rest_route=\/wp\/v2\/posts\/1774","targetHints":{"allow":["GET"]}}],"collection":[{"href":"https:\/\/www.svwasserfreunde.de\/index.php?rest_route=\/wp\/v2\/posts"}],"about":[{"href":"https:\/\/www.svwasserfreunde.de\/index.php?rest_route=\/wp\/v2\/types\/post"}],"author":[{"embeddable":true,"href":"https:\/\/www.svwasserfreunde.de\/index.php?rest_route=\/wp\/v2\/users\/4"}],"replies":[{"embeddable":true,"href":"https:\/\/www.svwasserfreunde.de\/index.php?rest_route=%2Fwp%2Fv2%2Fcomments&post=1774"}],"version-history":[{"count":1,"href":"https:\/\/www.svwasserfreunde.de\/index.php?rest_route=\/wp\/v2\/posts\/1774\/revisions"}],"predecessor-version":[{"id":1780,"href":"https:\/\/www.svwasserfreunde.de\/index.php?rest_route=\/wp\/v2\/posts\/1774\/revisions\/1780"}],"wp:featuredmedia":[{"embeddable":true,"href":"https:\/\/www.svwasserfreunde.de\/index.php?rest_route=\/wp\/v2\/media\/1775"}],"wp:attachment":[{"href":"https:\/\/www.svwasserfreunde.de\/index.php?rest_route=%2Fwp%2Fv2%2Fmedia&parent=1774"}],"wp:term":[{"taxonomy":"category","embeddable":true,"href":"https:\/\/www.svwasserfreunde.de\/index.php?rest_route=%2Fwp%2Fv2%2Fcategories&post=1774"},{"taxonomy":"post_tag","embeddable":true,"href":"https:\/\/www.svwasserfreunde.de\/index.php?rest_route=%2Fwp%2Fv2%2Ftags&post=1774"}],"curies":[{"name":"wp","href":"https:\/\/api.w.org\/{rel}","templated":true}]}}