{"id":1794,"date":"2026-01-20T11:09:45","date_gmt":"2026-01-20T10:09:45","guid":{"rendered":"https:\/\/www.svwasserfreunde.de\/?p=1794"},"modified":"2026-01-20T11:09:45","modified_gmt":"2026-01-20T10:09:45","slug":"18-01-26-zu-gast-in-dresden","status":"publish","type":"post","link":"https:\/\/www.svwasserfreunde.de\/?p=1794","title":{"rendered":"18.01.26 zu Gast in Dresden"},"content":{"rendered":"\n<p><img loading=\"lazy\" decoding=\"async\" height=\"16\" width=\"16\" alt=\"&#x1f3ca;\" src=\"https:\/\/static.xx.fbcdn.net\/images\/emoji.php\/v9\/t69\/1\/16\/1f3ca.png\"><img loading=\"lazy\" decoding=\"async\" height=\"16\" width=\"16\" alt=\"&#x2640;&#xfe0f;\" src=\"https:\/\/static.xx.fbcdn.net\/images\/emoji.php\/v9\/te9\/1\/16\/2640.png\"> Meininger Wasserfreunde zu Gast in Dresden <img loading=\"lazy\" decoding=\"async\" height=\"16\" width=\"16\" alt=\"&#x1f3ca;\" src=\"https:\/\/static.xx.fbcdn.net\/images\/emoji.php\/v9\/t69\/1\/16\/1f3ca.png\"><img loading=\"lazy\" decoding=\"async\" height=\"16\" width=\"16\" alt=\"&#x2642;&#xfe0f;\" src=\"https:\/\/static.xx.fbcdn.net\/images\/emoji.php\/v9\/teb\/1\/16\/2642.png\"><\/p>\n\n\n\n<p>Mit 8 Kindern der 4. Klasse machten sich die Meininger Wasserfreunde auf den Weg zur Stadtmeisterschaft Dresden. Bei <a><\/a>einem starken Teilnehmerfeld von 11 Vereinen, 459 Startern und 1.956 Starts durften unsere Nachwuchsschwimmer dank einer Sondergenehmigung an den Start gehen.<\/p>\n\n\n\n<p>Hintergrund: F\u00fcr den Sichtungswettkampf, der am kommenden Wochenende in Erfurt und Weimar stattfindet, wurden noch dringend Zeiten ben\u00f6tigt. Da der Leutzscher L\u00f6wenpokal leider ausgefallen war, z\u00f6gerte der Dresdner Sportclub 1898 nicht lange und beantwortete unsere Anfrage schnell und sehr unkompliziert positiv \u2013 daf\u00fcr ein herzliches Dankesch\u00f6n! <img loading=\"lazy\" decoding=\"async\" height=\"16\" width=\"16\" alt=\"&#x1f64f;\" src=\"https:\/\/static.xx.fbcdn.net\/images\/emoji.php\/v9\/t80\/1\/16\/1f64f.png\"><\/p>\n\n\n\n<p>Auch in einer echten Schwimmmetropole wie Dresden konnten unsere Kinder sehr gut mithalten:<\/p>\n\n\n\n<p><img loading=\"lazy\" decoding=\"async\" height=\"16\" width=\"16\" alt=\"&#x1f947;\" src=\"https:\/\/static.xx.fbcdn.net\/images\/emoji.php\/v9\/t94\/1\/16\/1f947.png\"> Milla Caspari (Jg. 2015) \u2013 Platz 1<\/p>\n\n\n\n<p><img loading=\"lazy\" decoding=\"async\" height=\"16\" width=\"16\" alt=\"&#x1f947;\" src=\"https:\/\/static.xx.fbcdn.net\/images\/emoji.php\/v9\/t94\/1\/16\/1f947.png\"> Elli Zinowski (Jg. 2016) \u2013 Platz 1 \u00fcber 50 m R\u00fccken<\/p>\n\n\n\n<p><img loading=\"lazy\" decoding=\"async\" height=\"16\" width=\"16\" alt=\"&#x1f948;\" src=\"https:\/\/static.xx.fbcdn.net\/images\/emoji.php\/v9\/t15\/1\/16\/1f948.png\"> Selma Ouerfelli (Jg. 2016) \u2013 Platz 2 \u00fcber 50 m Brust<\/p>\n\n\n\n<p>Dazu kamen zahlreiche Top-6-Platzierungen, ein gelungener Wettkampf, wichtige Zeiten im Gep\u00e4ck und viele wertvolle Erfahrungen f\u00fcr unsere jungen Sportler \u2013 so kann es weitergehen! <img loading=\"lazy\" decoding=\"async\" height=\"16\" width=\"16\" alt=\"&#x1f499;\" src=\"https:\/\/static.xx.fbcdn.net\/images\/emoji.php\/v9\/t6c\/1\/16\/1f499.png\"><img loading=\"lazy\" decoding=\"async\" height=\"16\" width=\"16\" alt=\"&#x1f3ca;&#x200d;&#x2640;&#xfe0f;\" src=\"https:\/\/static.xx.fbcdn.net\/images\/emoji.php\/v9\/t57\/1\/16\/1f3ca_200d_2640.png\"><img loading=\"lazy\" decoding=\"async\" height=\"16\" width=\"16\" alt=\"&#x1f3ca;&#x200d;&#x2642;&#xfe0f;\" src=\"https:\/\/static.xx.fbcdn.net\/images\/emoji.php\/v9\/t59\/1\/16\/1f3ca_200d_2642.png\"><\/p>\n\n\n\n<figure class=\"wp-block-gallery has-nested-images columns-default is-cropped wp-block-gallery-1 is-layout-flex wp-block-gallery-is-layout-flex\">\n<figure class=\"wp-block-image size-large\"><img loading=\"lazy\" decoding=\"async\" width=\"768\" height=\"1024\" data-id=\"1795\" src=\"https:\/\/www.svwasserfreunde.de\/wp-content\/uploads\/2026\/01\/IMG-20260117-WA0005-768x1024.jpg\" alt=\"\" class=\"wp-image-1795\" srcset=\"https:\/\/www.svwasserfreunde.de\/wp-content\/uploads\/2026\/01\/IMG-20260117-WA0005-768x1024.jpg 768w, https:\/\/www.svwasserfreunde.de\/wp-content\/uploads\/2026\/01\/IMG-20260117-WA0005-225x300.jpg 225w, https:\/\/www.svwasserfreunde.de\/wp-content\/uploads\/2026\/01\/IMG-20260117-WA0005-1152x1536.jpg 1152w, https:\/\/www.svwasserfreunde.de\/wp-content\/uploads\/2026\/01\/IMG-20260117-WA0005.jpg 1200w\" sizes=\"auto, (max-width: 768px) 100vw, 768px\" \/><\/figure>\n\n\n\n<figure class=\"wp-block-image size-large\"><img loading=\"lazy\" decoding=\"async\" width=\"1024\" height=\"771\" data-id=\"1797\" src=\"https:\/\/www.svwasserfreunde.de\/wp-content\/uploads\/2026\/01\/IMG-20260117-WA0018-1024x771.jpg\" alt=\"\" class=\"wp-image-1797\" srcset=\"https:\/\/www.svwasserfreunde.de\/wp-content\/uploads\/2026\/01\/IMG-20260117-WA0018-1024x771.jpg 1024w, https:\/\/www.svwasserfreunde.de\/wp-content\/uploads\/2026\/01\/IMG-20260117-WA0018-300x226.jpg 300w, https:\/\/www.svwasserfreunde.de\/wp-content\/uploads\/2026\/01\/IMG-20260117-WA0018-768x578.jpg 768w, https:\/\/www.svwasserfreunde.de\/wp-content\/uploads\/2026\/01\/IMG-20260117-WA0018-1536x1156.jpg 1536w, https:\/\/www.svwasserfreunde.de\/wp-content\/uploads\/2026\/01\/IMG-20260117-WA0018.jpg 1600w\" sizes=\"auto, (max-width: 1024px) 100vw, 1024px\" \/><\/figure>\n\n\n\n<figure class=\"wp-block-image size-large\"><img loading=\"lazy\" decoding=\"async\" width=\"771\" height=\"1024\" data-id=\"1796\" src=\"https:\/\/www.svwasserfreunde.de\/wp-content\/uploads\/2026\/01\/IMG-20260117-WA0023-771x1024.jpg\" alt=\"\" class=\"wp-image-1796\" srcset=\"https:\/\/www.svwasserfreunde.de\/wp-content\/uploads\/2026\/01\/IMG-20260117-WA0023-771x1024.jpg 771w, https:\/\/www.svwasserfreunde.de\/wp-content\/uploads\/2026\/01\/IMG-20260117-WA0023-226x300.jpg 226w, https:\/\/www.svwasserfreunde.de\/wp-content\/uploads\/2026\/01\/IMG-20260117-WA0023-768x1021.jpg 768w, https:\/\/www.svwasserfreunde.de\/wp-content\/uploads\/2026\/01\/IMG-20260117-WA0023-1156x1536.jpg 1156w, https:\/\/www.svwasserfreunde.de\/wp-content\/uploads\/2026\/01\/IMG-20260117-WA0023.jpg 1204w\" sizes=\"auto, (max-width: 771px) 100vw, 771px\" \/><\/figure>\n<\/figure>\n","protected":false},"excerpt":{"rendered":"<p>Meininger Wasserfreunde zu Gast in Dresden Mit 8 Kindern der 4. Klasse machten sich die Meininger Wasserfreunde auf den Weg zur Stadtmeisterschaft Dresden. Bei einem starken Teilnehmerfeld von 11 Vereinen, 459 Startern und 1.956 Starts durften unsere Nachwuchsschwimmer dank einer &hellip; <\/p>\n","protected":false},"author":4,"featured_media":1798,"comment_status":"closed","ping_status":"open","sticky":false,"template":"","format":"standard","meta":{"footnotes":""},"categories":[1],"tags":[],"class_list":["post-1794","post","type-post","status-publish","format-standard","has-post-thumbnail","hentry","category-uncategorized"],"_links":{"self":[{"href":"https:\/\/www.svwasserfreunde.de\/index.php?rest_route=\/wp\/v2\/posts\/1794","targetHints":{"allow":["GET"]}}],"collection":[{"href":"https:\/\/www.svwasserfreunde.de\/index.php?rest_route=\/wp\/v2\/posts"}],"about":[{"href":"https:\/\/www.svwasserfreunde.de\/index.php?rest_route=\/wp\/v2\/types\/post"}],"author":[{"embeddable":true,"href":"https:\/\/www.svwasserfreunde.de\/index.php?rest_route=\/wp\/v2\/users\/4"}],"replies":[{"embeddable":true,"href":"https:\/\/www.svwasserfreunde.de\/index.php?rest_route=%2Fwp%2Fv2%2Fcomments&post=1794"}],"version-history":[{"count":1,"href":"https:\/\/www.svwasserfreunde.de\/index.php?rest_route=\/wp\/v2\/posts\/1794\/revisions"}],"predecessor-version":[{"id":1799,"href":"https:\/\/www.svwasserfreunde.de\/index.php?rest_route=\/wp\/v2\/posts\/1794\/revisions\/1799"}],"wp:featuredmedia":[{"embeddable":true,"href":"https:\/\/www.svwasserfreunde.de\/index.php?rest_route=\/wp\/v2\/media\/1798"}],"wp:attachment":[{"href":"https:\/\/www.svwasserfreunde.de\/index.php?rest_route=%2Fwp%2Fv2%2Fmedia&parent=1794"}],"wp:term":[{"taxonomy":"category","embeddable":true,"href":"https:\/\/www.svwasserfreunde.de\/index.php?rest_route=%2Fwp%2Fv2%2Fcategories&post=1794"},{"taxonomy":"post_tag","embeddable":true,"href":"https:\/\/www.svwasserfreunde.de\/index.php?rest_route=%2Fwp%2Fv2%2Ftags&post=1794"}],"curies":[{"name":"wp","href":"https:\/\/api.w.org\/{rel}","templated":true}]}}