{"id":1899,"date":"2026-04-06T09:25:04","date_gmt":"2026-04-06T08:25:04","guid":{"rendered":"https:\/\/www.svwasserfreunde.de\/?p=1899"},"modified":"2026-05-03T09:29:18","modified_gmt":"2026-05-03T08:29:18","slug":"02-04-26-herzog-georg-gedaechtnislauf","status":"publish","type":"post","link":"https:\/\/www.svwasserfreunde.de\/?p=1899","title":{"rendered":"02.04.26 Herzog-Georg-Ged\u00e4chtnislauf"},"content":{"rendered":"\n<p>Team-Spirit auf 42 Kilometern! <img loading=\"lazy\" decoding=\"async\" height=\"16\" width=\"16\" alt=\"&#x1f3ca;&#x200d;&#x2642;&#xfe0f;\" src=\"https:\/\/static.xx.fbcdn.net\/images\/emoji.php\/v9\/t59\/1\/16\/1f3ca_200d_2642.png\"><img loading=\"lazy\" decoding=\"async\" height=\"16\" width=\"16\" alt=\"&#x1f499;\" src=\"https:\/\/static.xx.fbcdn.net\/images\/emoji.php\/v9\/t6c\/1\/16\/1f499.png\"><\/p>\n\n\n\n<p>Was f\u00fcr ein fantastischer Tag beim Herzog-Georg-Ged\u00e4chtnislauf! <img loading=\"lazy\" decoding=\"async\" height=\"16\" width=\"16\" alt=\"&#x1f451;\" src=\"https:\/\/static.xx.fbcdn.net\/images\/emoji.php\/v9\/te8\/1\/16\/1f451.png\"><\/p>\n\n\n\n<p>Gestern hie\u00df es f\u00fcr f\u00fcnf unserer Meininger Wasserfreunde: Raus aus dem Becken, rein in die Laufschuhe! Gemeinsam haben wir uns der Herausforderung des Staffellaufs von Bad Liebenstein nach Meiningen gestellt.<\/p>\n\n\n\n<p>Hier sind die Fakten zu unserem Lauf-Abenteuer:<\/p>\n\n\n\n<p>Die Strecke: Von der Kurstadt Bad Liebenstein bis in unsere sch\u00f6ne Heimatstadt Meiningen.<\/p>\n\n\n\n<p>Die Distanz: Insgesamt stolze 42 km, aufgeteilt auf 5 abwechslungsreiche Etappen.<\/p>\n\n\n\n<p>Das Team: 5 motivierte Wasserfreunde, die gezeigt haben, dass sie auch an Land eine gute Figur machen! Hochmotiviert gesellte sich auch der 10 j\u00e4hrige Pepe von Walldorf nach Meiningen zur Laufgruppe dazu.<\/p>\n\n\n\n<p>Jedenfalls hatten wir jede Menge Spa\u00df und die Stimmung entlang der Strecke war einfach grandios. <img loading=\"lazy\" decoding=\"async\" height=\"16\" width=\"16\" alt=\"&#x1f973;\" src=\"https:\/\/static.xx.fbcdn.net\/images\/emoji.php\/v9\/t6d\/1\/16\/1f973.png\"> Es war eine tolle Erfahrung, als Team zusammenzustehen und gemeinsam das Ziel zu erreichen.<\/p>\n\n\n\n<p>Ein riesiges Dankesch\u00f6n an die Organisatoren f\u00fcr dieses top-geplante Event! Wir w\u00e4ren bei einer Neuauflage definitiv wieder dabei. <img loading=\"lazy\" decoding=\"async\" height=\"16\" width=\"16\" alt=\"&#x1f44f;\" src=\"https:\/\/static.xx.fbcdn.net\/images\/emoji.php\/v9\/tfe\/1\/16\/1f44f.png\"><\/p>\n\n\n\n<figure class=\"wp-block-image size-large\"><img loading=\"lazy\" decoding=\"async\" width=\"1024\" height=\"768\" src=\"https:\/\/www.svwasserfreunde.de\/wp-content\/uploads\/2026\/05\/HGL-Lauf-1-1024x768.jpg\" alt=\"\" class=\"wp-image-1901\" srcset=\"https:\/\/www.svwasserfreunde.de\/wp-content\/uploads\/2026\/05\/HGL-Lauf-1-1024x768.jpg 1024w, https:\/\/www.svwasserfreunde.de\/wp-content\/uploads\/2026\/05\/HGL-Lauf-1-300x225.jpg 300w, https:\/\/www.svwasserfreunde.de\/wp-content\/uploads\/2026\/05\/HGL-Lauf-1-768x576.jpg 768w, https:\/\/www.svwasserfreunde.de\/wp-content\/uploads\/2026\/05\/HGL-Lauf-1-1536x1152.jpg 1536w, https:\/\/www.svwasserfreunde.de\/wp-content\/uploads\/2026\/05\/HGL-Lauf-1.jpg 2048w\" sizes=\"auto, (max-width: 1024px) 100vw, 1024px\" \/><\/figure>\n","protected":false},"excerpt":{"rendered":"<p>Team-Spirit auf 42 Kilometern! Was f\u00fcr ein fantastischer Tag beim Herzog-Georg-Ged\u00e4chtnislauf! Gestern hie\u00df es f\u00fcr f\u00fcnf unserer Meininger Wasserfreunde: Raus aus dem Becken, rein in die Laufschuhe! Gemeinsam haben wir uns der Herausforderung des Staffellaufs von Bad Liebenstein nach Meiningen &hellip; <\/p>\n","protected":false},"author":4,"featured_media":1900,"comment_status":"closed","ping_status":"open","sticky":false,"template":"","format":"standard","meta":{"footnotes":""},"categories":[1],"tags":[],"class_list":["post-1899","post","type-post","status-publish","format-standard","has-post-thumbnail","hentry","category-uncategorized"],"_links":{"self":[{"href":"https:\/\/www.svwasserfreunde.de\/index.php?rest_route=\/wp\/v2\/posts\/1899","targetHints":{"allow":["GET"]}}],"collection":[{"href":"https:\/\/www.svwasserfreunde.de\/index.php?rest_route=\/wp\/v2\/posts"}],"about":[{"href":"https:\/\/www.svwasserfreunde.de\/index.php?rest_route=\/wp\/v2\/types\/post"}],"author":[{"embeddable":true,"href":"https:\/\/www.svwasserfreunde.de\/index.php?rest_route=\/wp\/v2\/users\/4"}],"replies":[{"embeddable":true,"href":"https:\/\/www.svwasserfreunde.de\/index.php?rest_route=%2Fwp%2Fv2%2Fcomments&post=1899"}],"version-history":[{"count":1,"href":"https:\/\/www.svwasserfreunde.de\/index.php?rest_route=\/wp\/v2\/posts\/1899\/revisions"}],"predecessor-version":[{"id":1902,"href":"https:\/\/www.svwasserfreunde.de\/index.php?rest_route=\/wp\/v2\/posts\/1899\/revisions\/1902"}],"wp:featuredmedia":[{"embeddable":true,"href":"https:\/\/www.svwasserfreunde.de\/index.php?rest_route=\/wp\/v2\/media\/1900"}],"wp:attachment":[{"href":"https:\/\/www.svwasserfreunde.de\/index.php?rest_route=%2Fwp%2Fv2%2Fmedia&parent=1899"}],"wp:term":[{"taxonomy":"category","embeddable":true,"href":"https:\/\/www.svwasserfreunde.de\/index.php?rest_route=%2Fwp%2Fv2%2Fcategories&post=1899"},{"taxonomy":"post_tag","embeddable":true,"href":"https:\/\/www.svwasserfreunde.de\/index.php?rest_route=%2Fwp%2Fv2%2Ftags&post=1899"}],"curies":[{"name":"wp","href":"https:\/\/api.w.org\/{rel}","templated":true}]}}