{"id":1915,"date":"2026-04-20T09:36:37","date_gmt":"2026-04-20T08:36:37","guid":{"rendered":"https:\/\/www.svwasserfreunde.de\/?p=1915"},"modified":"2026-05-03T09:41:42","modified_gmt":"2026-05-03T08:41:42","slug":"13-16-04-26-northeim","status":"publish","type":"post","link":"https:\/\/www.svwasserfreunde.de\/?p=1915","title":{"rendered":"13.-16.04.26 Northeim"},"content":{"rendered":"\n<p>Ferien in Northeim \u2013 Eine unvergessliche Zeit<\/p>\n\n\n\n<p>In den Osterferien hie\u00df es f\u00fcr 32 Kinder: Koffer packen und ab nach Northeim! Gemeinsam verbrachten sie dort erlebnisreiche Tage voller Spa\u00df, Bewegung und neuer Eindr\u00fccke.<\/p>\n\n\n\n<p>Auf dem Programm standen nat\u00fcrlich jede Menge Aktivit\u00e4ten. Beim Schwimmen konnten sich alle so richtig austoben, w\u00e4hrend bei verschiedenen Spielen der Teamgeist gest\u00e4rkt wurde. Ein besonderes Highlight war die spannende F\u00fchrung im \u201eTheater der Nacht\u201c. Dort durften die Kinder nicht nur hinter die Kulissen schauen, sondern auch selbst Masken ausprobieren \u2013 ein Erlebnis, das f\u00fcr viele Lacher sorgte.<\/p>\n\n\n\n<p>Auch die Unterkunft lie\u00df keine W\u00fcnsche offen: In der Jugendherberge wurden die Kinder bestens versorgt und konnten sich nach den ereignisreichen Tagen beim leckeren gemeinsamen Essen st\u00e4rken. Neben einem Stadtrundgang durch Northeim sorgte vor allem der Besuch des Abenteuerspielplatzes f\u00fcr Begeisterung. Es waren rundum gelungene Ferien, in denen Freundschaften vertieft, neue Erfahrungen gesammelt und viele sch\u00f6ne Erinnerungen geschaffen wurden. Eine Woche, die sicher allen noch lange in Erinnerung bleiben wird! <img loading=\"lazy\" decoding=\"async\" height=\"16\" width=\"16\" alt=\"&#x1f60a;\" src=\"https:\/\/static.xx.fbcdn.net\/images\/emoji.php\/v9\/t7f\/1\/16\/1f60a.png\"><\/p>\n\n\n\n<figure class=\"wp-block-gallery has-nested-images columns-default is-cropped wp-block-gallery-1 is-layout-flex wp-block-gallery-is-layout-flex\">\n<figure class=\"wp-block-image size-large\"><img loading=\"lazy\" decoding=\"async\" width=\"1024\" height=\"768\" data-id=\"1917\" src=\"https:\/\/www.svwasserfreunde.de\/wp-content\/uploads\/2026\/05\/9b663246-7666-4536-af46-1ab240f8bbc1-1024x768.jpg\" alt=\"\" class=\"wp-image-1917\" srcset=\"https:\/\/www.svwasserfreunde.de\/wp-content\/uploads\/2026\/05\/9b663246-7666-4536-af46-1ab240f8bbc1-1024x768.jpg 1024w, https:\/\/www.svwasserfreunde.de\/wp-content\/uploads\/2026\/05\/9b663246-7666-4536-af46-1ab240f8bbc1-300x225.jpg 300w, https:\/\/www.svwasserfreunde.de\/wp-content\/uploads\/2026\/05\/9b663246-7666-4536-af46-1ab240f8bbc1-768x576.jpg 768w, https:\/\/www.svwasserfreunde.de\/wp-content\/uploads\/2026\/05\/9b663246-7666-4536-af46-1ab240f8bbc1-1536x1152.jpg 1536w, https:\/\/www.svwasserfreunde.de\/wp-content\/uploads\/2026\/05\/9b663246-7666-4536-af46-1ab240f8bbc1.jpg 1600w\" sizes=\"auto, (max-width: 1024px) 100vw, 1024px\" \/><\/figure>\n\n\n\n<figure class=\"wp-block-image size-large\"><img loading=\"lazy\" decoding=\"async\" width=\"768\" height=\"1024\" data-id=\"1918\" src=\"https:\/\/www.svwasserfreunde.de\/wp-content\/uploads\/2026\/05\/19b61a0e-2e8f-4217-ad77-9941cb10ec85-768x1024.jpg\" alt=\"\" class=\"wp-image-1918\" srcset=\"https:\/\/www.svwasserfreunde.de\/wp-content\/uploads\/2026\/05\/19b61a0e-2e8f-4217-ad77-9941cb10ec85-768x1024.jpg 768w, https:\/\/www.svwasserfreunde.de\/wp-content\/uploads\/2026\/05\/19b61a0e-2e8f-4217-ad77-9941cb10ec85-225x300.jpg 225w, https:\/\/www.svwasserfreunde.de\/wp-content\/uploads\/2026\/05\/19b61a0e-2e8f-4217-ad77-9941cb10ec85-1152x1536.jpg 1152w, https:\/\/www.svwasserfreunde.de\/wp-content\/uploads\/2026\/05\/19b61a0e-2e8f-4217-ad77-9941cb10ec85.jpg 1200w\" sizes=\"auto, (max-width: 768px) 100vw, 768px\" \/><\/figure>\n\n\n\n<figure class=\"wp-block-image size-large\"><img loading=\"lazy\" decoding=\"async\" width=\"1024\" height=\"768\" data-id=\"1921\" src=\"https:\/\/www.svwasserfreunde.de\/wp-content\/uploads\/2026\/05\/55d11cdd-06ee-4184-b1dc-ff2fc9a94468-1024x768.jpg\" alt=\"\" class=\"wp-image-1921\" srcset=\"https:\/\/www.svwasserfreunde.de\/wp-content\/uploads\/2026\/05\/55d11cdd-06ee-4184-b1dc-ff2fc9a94468-1024x768.jpg 1024w, https:\/\/www.svwasserfreunde.de\/wp-content\/uploads\/2026\/05\/55d11cdd-06ee-4184-b1dc-ff2fc9a94468-300x225.jpg 300w, https:\/\/www.svwasserfreunde.de\/wp-content\/uploads\/2026\/05\/55d11cdd-06ee-4184-b1dc-ff2fc9a94468-768x576.jpg 768w, https:\/\/www.svwasserfreunde.de\/wp-content\/uploads\/2026\/05\/55d11cdd-06ee-4184-b1dc-ff2fc9a94468-1536x1152.jpg 1536w, https:\/\/www.svwasserfreunde.de\/wp-content\/uploads\/2026\/05\/55d11cdd-06ee-4184-b1dc-ff2fc9a94468.jpg 1600w\" sizes=\"auto, (max-width: 1024px) 100vw, 1024px\" \/><\/figure>\n\n\n\n<figure class=\"wp-block-image size-large\"><img loading=\"lazy\" decoding=\"async\" width=\"768\" height=\"1024\" data-id=\"1922\" src=\"https:\/\/www.svwasserfreunde.de\/wp-content\/uploads\/2026\/05\/573bf888-9ba6-4632-b4ce-e7db4afefa4a-768x1024.jpg\" alt=\"\" class=\"wp-image-1922\" srcset=\"https:\/\/www.svwasserfreunde.de\/wp-content\/uploads\/2026\/05\/573bf888-9ba6-4632-b4ce-e7db4afefa4a-768x1024.jpg 768w, https:\/\/www.svwasserfreunde.de\/wp-content\/uploads\/2026\/05\/573bf888-9ba6-4632-b4ce-e7db4afefa4a-225x300.jpg 225w, https:\/\/www.svwasserfreunde.de\/wp-content\/uploads\/2026\/05\/573bf888-9ba6-4632-b4ce-e7db4afefa4a-1152x1536.jpg 1152w, https:\/\/www.svwasserfreunde.de\/wp-content\/uploads\/2026\/05\/573bf888-9ba6-4632-b4ce-e7db4afefa4a.jpg 1200w\" sizes=\"auto, (max-width: 768px) 100vw, 768px\" \/><\/figure>\n\n\n\n<figure class=\"wp-block-image size-large\"><img loading=\"lazy\" decoding=\"async\" width=\"1024\" height=\"768\" data-id=\"1920\" src=\"https:\/\/www.svwasserfreunde.de\/wp-content\/uploads\/2026\/05\/793a0bef-a8d3-47cb-99a8-c9637b8461c4-1024x768.jpg\" alt=\"\" class=\"wp-image-1920\" srcset=\"https:\/\/www.svwasserfreunde.de\/wp-content\/uploads\/2026\/05\/793a0bef-a8d3-47cb-99a8-c9637b8461c4-1024x768.jpg 1024w, https:\/\/www.svwasserfreunde.de\/wp-content\/uploads\/2026\/05\/793a0bef-a8d3-47cb-99a8-c9637b8461c4-300x225.jpg 300w, https:\/\/www.svwasserfreunde.de\/wp-content\/uploads\/2026\/05\/793a0bef-a8d3-47cb-99a8-c9637b8461c4-768x576.jpg 768w, https:\/\/www.svwasserfreunde.de\/wp-content\/uploads\/2026\/05\/793a0bef-a8d3-47cb-99a8-c9637b8461c4-1536x1152.jpg 1536w, https:\/\/www.svwasserfreunde.de\/wp-content\/uploads\/2026\/05\/793a0bef-a8d3-47cb-99a8-c9637b8461c4.jpg 1600w\" sizes=\"auto, (max-width: 1024px) 100vw, 1024px\" \/><\/figure>\n\n\n\n<figure class=\"wp-block-image size-large\"><img loading=\"lazy\" decoding=\"async\" width=\"1024\" height=\"768\" data-id=\"1919\" src=\"https:\/\/www.svwasserfreunde.de\/wp-content\/uploads\/2026\/05\/4325f981-d26a-4d6f-8cf6-a39ffa34df4d-1024x768.jpg\" alt=\"\" class=\"wp-image-1919\" srcset=\"https:\/\/www.svwasserfreunde.de\/wp-content\/uploads\/2026\/05\/4325f981-d26a-4d6f-8cf6-a39ffa34df4d-1024x768.jpg 1024w, https:\/\/www.svwasserfreunde.de\/wp-content\/uploads\/2026\/05\/4325f981-d26a-4d6f-8cf6-a39ffa34df4d-300x225.jpg 300w, https:\/\/www.svwasserfreunde.de\/wp-content\/uploads\/2026\/05\/4325f981-d26a-4d6f-8cf6-a39ffa34df4d-768x576.jpg 768w, https:\/\/www.svwasserfreunde.de\/wp-content\/uploads\/2026\/05\/4325f981-d26a-4d6f-8cf6-a39ffa34df4d-1536x1152.jpg 1536w, https:\/\/www.svwasserfreunde.de\/wp-content\/uploads\/2026\/05\/4325f981-d26a-4d6f-8cf6-a39ffa34df4d.jpg 1600w\" sizes=\"auto, (max-width: 1024px) 100vw, 1024px\" \/><\/figure>\n\n\n\n<figure class=\"wp-block-image size-large\"><img loading=\"lazy\" decoding=\"async\" width=\"768\" height=\"1024\" data-id=\"1923\" src=\"https:\/\/www.svwasserfreunde.de\/wp-content\/uploads\/2026\/05\/75899ff4-1fba-48b6-9b4d-8d4cc208ebc3-768x1024.jpg\" alt=\"\" class=\"wp-image-1923\" srcset=\"https:\/\/www.svwasserfreunde.de\/wp-content\/uploads\/2026\/05\/75899ff4-1fba-48b6-9b4d-8d4cc208ebc3-768x1024.jpg 768w, https:\/\/www.svwasserfreunde.de\/wp-content\/uploads\/2026\/05\/75899ff4-1fba-48b6-9b4d-8d4cc208ebc3-225x300.jpg 225w, https:\/\/www.svwasserfreunde.de\/wp-content\/uploads\/2026\/05\/75899ff4-1fba-48b6-9b4d-8d4cc208ebc3-1152x1536.jpg 1152w, https:\/\/www.svwasserfreunde.de\/wp-content\/uploads\/2026\/05\/75899ff4-1fba-48b6-9b4d-8d4cc208ebc3.jpg 1500w\" sizes=\"auto, (max-width: 768px) 100vw, 768px\" \/><\/figure>\n\n\n\n<figure class=\"wp-block-image size-large\"><img loading=\"lazy\" decoding=\"async\" width=\"768\" height=\"1024\" data-id=\"1924\" src=\"https:\/\/www.svwasserfreunde.de\/wp-content\/uploads\/2026\/05\/ef86b61a-1882-41cd-893b-ca90c1bf2834-768x1024.jpg\" alt=\"\" class=\"wp-image-1924\" srcset=\"https:\/\/www.svwasserfreunde.de\/wp-content\/uploads\/2026\/05\/ef86b61a-1882-41cd-893b-ca90c1bf2834-768x1024.jpg 768w, https:\/\/www.svwasserfreunde.de\/wp-content\/uploads\/2026\/05\/ef86b61a-1882-41cd-893b-ca90c1bf2834-225x300.jpg 225w, https:\/\/www.svwasserfreunde.de\/wp-content\/uploads\/2026\/05\/ef86b61a-1882-41cd-893b-ca90c1bf2834-1152x1536.jpg 1152w, https:\/\/www.svwasserfreunde.de\/wp-content\/uploads\/2026\/05\/ef86b61a-1882-41cd-893b-ca90c1bf2834.jpg 1500w\" sizes=\"auto, (max-width: 768px) 100vw, 768px\" \/><\/figure>\n<\/figure>\n","protected":false},"excerpt":{"rendered":"<p>Ferien in Northeim \u2013 Eine unvergessliche Zeit In den Osterferien hie\u00df es f\u00fcr 32 Kinder: Koffer packen und ab nach Northeim! Gemeinsam verbrachten sie dort erlebnisreiche Tage voller Spa\u00df, Bewegung und neuer Eindr\u00fccke. Auf dem Programm standen nat\u00fcrlich jede Menge &hellip; <\/p>\n","protected":false},"author":4,"featured_media":1916,"comment_status":"closed","ping_status":"open","sticky":false,"template":"","format":"standard","meta":{"footnotes":""},"categories":[1],"tags":[],"class_list":["post-1915","post","type-post","status-publish","format-standard","has-post-thumbnail","hentry","category-uncategorized"],"_links":{"self":[{"href":"https:\/\/www.svwasserfreunde.de\/index.php?rest_route=\/wp\/v2\/posts\/1915","targetHints":{"allow":["GET"]}}],"collection":[{"href":"https:\/\/www.svwasserfreunde.de\/index.php?rest_route=\/wp\/v2\/posts"}],"about":[{"href":"https:\/\/www.svwasserfreunde.de\/index.php?rest_route=\/wp\/v2\/types\/post"}],"author":[{"embeddable":true,"href":"https:\/\/www.svwasserfreunde.de\/index.php?rest_route=\/wp\/v2\/users\/4"}],"replies":[{"embeddable":true,"href":"https:\/\/www.svwasserfreunde.de\/index.php?rest_route=%2Fwp%2Fv2%2Fcomments&post=1915"}],"version-history":[{"count":1,"href":"https:\/\/www.svwasserfreunde.de\/index.php?rest_route=\/wp\/v2\/posts\/1915\/revisions"}],"predecessor-version":[{"id":1926,"href":"https:\/\/www.svwasserfreunde.de\/index.php?rest_route=\/wp\/v2\/posts\/1915\/revisions\/1926"}],"wp:featuredmedia":[{"embeddable":true,"href":"https:\/\/www.svwasserfreunde.de\/index.php?rest_route=\/wp\/v2\/media\/1916"}],"wp:attachment":[{"href":"https:\/\/www.svwasserfreunde.de\/index.php?rest_route=%2Fwp%2Fv2%2Fmedia&parent=1915"}],"wp:term":[{"taxonomy":"category","embeddable":true,"href":"https:\/\/www.svwasserfreunde.de\/index.php?rest_route=%2Fwp%2Fv2%2Fcategories&post=1915"},{"taxonomy":"post_tag","embeddable":true,"href":"https:\/\/www.svwasserfreunde.de\/index.php?rest_route=%2Fwp%2Fv2%2Ftags&post=1915"}],"curies":[{"name":"wp","href":"https:\/\/api.w.org\/{rel}","templated":true}]}}