{"id":363,"date":"2021-11-21T13:52:35","date_gmt":"2021-11-21T12:52:35","guid":{"rendered":"https:\/\/www.svwasserfreunde.de\/?p=363"},"modified":"2021-11-21T13:52:35","modified_gmt":"2021-11-21T12:52:35","slug":"beine-cup-weimar-20-11-21","status":"publish","type":"post","link":"https:\/\/www.svwasserfreunde.de\/?p=363","title":{"rendered":"Beine Cup Weimar 20.11.21"},"content":{"rendered":"\n<p>Viele Medaillen f\u00fcr HaiNo&#8217;s kleine Wasserfreunde<\/p>\n\n\n\n<p>Nach langem Zittern war die Freude gro\u00df, dass der Beine Cup in Weimar am 20.11.21 tats\u00e4chlich stattfinden durfte. F\u00fcr viele der j\u00fcngsten Wasserfreunde war es der erste Wettkampf \u00fcberhaupt. Endlich einmal Gelegenheit, sich mit Schwimmern aus ganz Th\u00fcringen zu messen. Dabei r\u00e4umten die Meininger Wasserfreunde viele Medaillen ab:<\/p>\n\n\n\n<p>25m Delphin Beine weiblich Jg. 2012<\/p>\n\n\n\n<p>1.Platz&nbsp;&nbsp;&nbsp;&nbsp;&nbsp;&nbsp;&nbsp;&nbsp;&nbsp;&nbsp; &nbsp;&nbsp;&nbsp;&nbsp;&nbsp;&nbsp;&nbsp;&nbsp;&nbsp;&nbsp;&nbsp; Ronja Schober&nbsp;&nbsp;&nbsp;&nbsp;&nbsp;&nbsp;&nbsp; 00:29,35<\/p>\n\n\n\n<p>2.Platz&nbsp;&nbsp;&nbsp;&nbsp;&nbsp;&nbsp;&nbsp;&nbsp;&nbsp;&nbsp; &nbsp;&nbsp;&nbsp;&nbsp;&nbsp;&nbsp;&nbsp;&nbsp;&nbsp;&nbsp;&nbsp; Larissa Waider&nbsp;&nbsp;&nbsp;&nbsp;&nbsp;&nbsp;&nbsp;&nbsp; 00:29,88<\/p>\n\n\n\n<p>3.Platz&nbsp;&nbsp;&nbsp;&nbsp;&nbsp;&nbsp;&nbsp;&nbsp;&nbsp;&nbsp;&nbsp;&nbsp;&nbsp;&nbsp;&nbsp;&nbsp;&nbsp;&nbsp;&nbsp;&nbsp;&nbsp;&nbsp; Laya-Jay Fleck&nbsp;&nbsp;&nbsp;&nbsp;&nbsp;&nbsp;&nbsp; 00:51,41<\/p>\n\n\n\n<p>25m Delphin Beine m\u00e4nnlich Jg. 2013<\/p>\n\n\n\n<p>2.Platz&nbsp;&nbsp;&nbsp;&nbsp;&nbsp;&nbsp;&nbsp;&nbsp;&nbsp;&nbsp;&nbsp;&nbsp;&nbsp;&nbsp;&nbsp;&nbsp;&nbsp;&nbsp;&nbsp;&nbsp;&nbsp;&nbsp; Til Anders&nbsp;&nbsp;&nbsp;&nbsp;&nbsp;&nbsp;&nbsp;&nbsp;&nbsp;&nbsp;&nbsp;&nbsp;&nbsp;&nbsp;&nbsp;&nbsp; 00:33,83<\/p>\n\n\n\n<p>3.Platz&nbsp;&nbsp;&nbsp;&nbsp;&nbsp;&nbsp;&nbsp;&nbsp;&nbsp;&nbsp; &nbsp;&nbsp;&nbsp;&nbsp;&nbsp;&nbsp;&nbsp;&nbsp;&nbsp;&nbsp;&nbsp; Paul B. Eichhorn&nbsp;&nbsp;&nbsp; 00:44,41<\/p>\n\n\n\n<p>25m R\u00fccken Beine weiblich Jg.2012<\/p>\n\n\n\n<p>1.Platz &nbsp;&nbsp;&nbsp;&nbsp;&nbsp;&nbsp;&nbsp;&nbsp;&nbsp;&nbsp;&nbsp;&nbsp;&nbsp;&nbsp;&nbsp;&nbsp;&nbsp;&nbsp;&nbsp;&nbsp;&nbsp; Larissa Waider&nbsp;&nbsp;&nbsp;&nbsp;&nbsp;&nbsp;&nbsp;&nbsp; 00:30,62<\/p>\n\n\n\n<p>2.Platz&nbsp;&nbsp;&nbsp;&nbsp;&nbsp;&nbsp;&nbsp;&nbsp;&nbsp;&nbsp; &nbsp;&nbsp;&nbsp;&nbsp;&nbsp;&nbsp;&nbsp;&nbsp;&nbsp;&nbsp;&nbsp; Ronja Schober&nbsp;&nbsp;&nbsp;&nbsp;&nbsp;&nbsp;&nbsp; 00:32,96<\/p>\n\n\n\n<p>3.Platz&nbsp;&nbsp;&nbsp;&nbsp;&nbsp;&nbsp;&nbsp;&nbsp;&nbsp;&nbsp;&nbsp;&nbsp;&nbsp;&nbsp;&nbsp;&nbsp;&nbsp;&nbsp;&nbsp;&nbsp;&nbsp;&nbsp; Laya-Jay Fleck&nbsp;&nbsp;&nbsp;&nbsp;&nbsp;&nbsp;&nbsp; 00:43,14<\/p>\n\n\n\n<p>25m R\u00fccken Beine m\u00e4nnlich Jg.2013<\/p>\n\n\n\n<p>2.Platz&nbsp;&nbsp;&nbsp;&nbsp;&nbsp;&nbsp;&nbsp;&nbsp;&nbsp;&nbsp;&nbsp;&nbsp;&nbsp;&nbsp;&nbsp;&nbsp;&nbsp;&nbsp;&nbsp;&nbsp;&nbsp;&nbsp; Til Anders&nbsp;&nbsp;&nbsp;&nbsp;&nbsp;&nbsp;&nbsp;&nbsp;&nbsp;&nbsp;&nbsp;&nbsp;&nbsp;&nbsp;&nbsp;&nbsp; 00:29,74<\/p>\n\n\n\n<p>25m Brust Beine weiblich Jg. 2012<\/p>\n\n\n\n<p>1.Platz&nbsp;&nbsp;&nbsp;&nbsp;&nbsp;&nbsp;&nbsp;&nbsp;&nbsp;&nbsp;&nbsp;&nbsp;&nbsp;&nbsp;&nbsp;&nbsp;&nbsp;&nbsp;&nbsp;&nbsp;&nbsp;&nbsp; Ronja Schober &nbsp;&nbsp;&nbsp;&nbsp;&nbsp;&nbsp; 00:35,31<\/p>\n\n\n\n<p>2.Platz&nbsp;&nbsp;&nbsp;&nbsp;&nbsp;&nbsp;&nbsp;&nbsp;&nbsp;&nbsp;&nbsp;&nbsp;&nbsp;&nbsp;&nbsp;&nbsp;&nbsp;&nbsp;&nbsp;&nbsp;&nbsp;&nbsp; Larissa Waider&nbsp;&nbsp;&nbsp;&nbsp;&nbsp;&nbsp;&nbsp;&nbsp; 00:41,78<\/p>\n\n\n\n<p>3.Platz&nbsp;&nbsp;&nbsp;&nbsp;&nbsp;&nbsp;&nbsp;&nbsp;&nbsp;&nbsp;&nbsp;&nbsp;&nbsp;&nbsp;&nbsp;&nbsp;&nbsp;&nbsp;&nbsp;&nbsp;&nbsp;&nbsp; Laya-Jay Fleck&nbsp;&nbsp;&nbsp;&nbsp;&nbsp;&nbsp;&nbsp; 00:54,50<\/p>\n\n\n\n<p>25m Brust Beine m\u00e4nnlich Jg. 2012<\/p>\n\n\n\n<p>1. Platz&nbsp;&nbsp;&nbsp;&nbsp;&nbsp;&nbsp;&nbsp;&nbsp;&nbsp;&nbsp;&nbsp;&nbsp;&nbsp;&nbsp;&nbsp;&nbsp;&nbsp;&nbsp;&nbsp;&nbsp;&nbsp; Arthur Steiner&nbsp;&nbsp;&nbsp;&nbsp;&nbsp;&nbsp;&nbsp;&nbsp;&nbsp; 00:27,72<\/p>\n\n\n\n<p>25m Kraul Beine weiblich<\/p>\n\n\n\n<p>1.Platz&nbsp;&nbsp;&nbsp;&nbsp;&nbsp;&nbsp;&nbsp;&nbsp;&nbsp;&nbsp;&nbsp;&nbsp;&nbsp;&nbsp;&nbsp;&nbsp;&nbsp;&nbsp;&nbsp;&nbsp;&nbsp;&nbsp; Larissa Waider&nbsp;&nbsp;&nbsp;&nbsp;&nbsp;&nbsp;&nbsp;&nbsp; 00:32,33<\/p>\n\n\n\n<p>2.Platz&nbsp;&nbsp;&nbsp;&nbsp;&nbsp;&nbsp;&nbsp;&nbsp;&nbsp;&nbsp;&nbsp;&nbsp;&nbsp;&nbsp;&nbsp;&nbsp;&nbsp;&nbsp;&nbsp;&nbsp;&nbsp;&nbsp; Ronja Schober&nbsp;&nbsp;&nbsp;&nbsp;&nbsp;&nbsp;&nbsp; 00:36,81<\/p>\n\n\n\n<p>3.Platz&nbsp;&nbsp;&nbsp;&nbsp;&nbsp;&nbsp;&nbsp;&nbsp;&nbsp;&nbsp;&nbsp;&nbsp;&nbsp;&nbsp;&nbsp;&nbsp;&nbsp;&nbsp;&nbsp;&nbsp;&nbsp;&nbsp; Laya-Jay Fleck&nbsp;&nbsp;&nbsp;&nbsp;&nbsp;&nbsp;&nbsp; 00:47,40<\/p>\n\n\n\n<p>25m Kraul Beine m\u00e4nnlich Jg. 213<\/p>\n\n\n\n<p>2. Platz &nbsp;&nbsp;&nbsp;&nbsp;&nbsp;&nbsp;&nbsp;&nbsp; &nbsp;&nbsp;&nbsp;&nbsp;&nbsp;&nbsp;&nbsp;&nbsp;&nbsp;&nbsp;&nbsp; Til Anders&nbsp;&nbsp;&nbsp;&nbsp;&nbsp;&nbsp;&nbsp;&nbsp;&nbsp;&nbsp;&nbsp;&nbsp;&nbsp;&nbsp;&nbsp;&nbsp; 00:33,51<\/p>\n\n\n\n<p>3. Platz&nbsp;&nbsp;&nbsp;&nbsp;&nbsp;&nbsp;&nbsp;&nbsp;&nbsp;&nbsp;&nbsp;&nbsp;&nbsp;&nbsp;&nbsp;&nbsp;&nbsp;&nbsp;&nbsp;&nbsp;&nbsp; Paul B. Eichhorn&nbsp;&nbsp;&nbsp; 00:34,96<\/p>\n\n\n\n<p>Die Cup Wertung gewann bei den M\u00e4dchen des Jahrgangs 2012 Larissa Waider vor Ronja Schober und Laya Jay Fleck. Til Anders belegte in der Cup Wertung einen hervorragenden zweiten Platz.<\/p>\n\n\n\n<p>Eine ausgezeichnete Leistung zeigte auch Marlon Raabe, welcher leider 3 mal das Treppchen zu Bronze nur ganz knapp verpasste und auch in der Gesamtwertung einen guten 4. Platz erreichte. Finja Cheyenne Hoffmann schwamm &nbsp;in Ihrem Jahrgang gegen eine sehr starke Konkurrenz und konnte auch ihre pers\u00f6nlichen Zeiten strak verbessern. Wir d\u00fcrfen weiter gespannt sein, denn schon am n\u00e4chsten Wochenende steht der n\u00e4chste Wettkampf in Leinefelde an.<\/p>\n","protected":false},"excerpt":{"rendered":"<p>Viele Medaillen f\u00fcr HaiNo&#8217;s kleine Wasserfreunde Nach langem Zittern war die Freude gro\u00df, dass der Beine Cup in Weimar am 20.11.21 tats\u00e4chlich stattfinden durfte. F\u00fcr viele der j\u00fcngsten Wasserfreunde war es der erste Wettkampf \u00fcberhaupt. Endlich einmal Gelegenheit, sich mit &hellip; <\/p>\n","protected":false},"author":4,"featured_media":364,"comment_status":"closed","ping_status":"open","sticky":false,"template":"","format":"standard","meta":{"footnotes":""},"categories":[1],"tags":[],"class_list":["post-363","post","type-post","status-publish","format-standard","has-post-thumbnail","hentry","category-uncategorized"],"_links":{"self":[{"href":"https:\/\/www.svwasserfreunde.de\/index.php?rest_route=\/wp\/v2\/posts\/363","targetHints":{"allow":["GET"]}}],"collection":[{"href":"https:\/\/www.svwasserfreunde.de\/index.php?rest_route=\/wp\/v2\/posts"}],"about":[{"href":"https:\/\/www.svwasserfreunde.de\/index.php?rest_route=\/wp\/v2\/types\/post"}],"author":[{"embeddable":true,"href":"https:\/\/www.svwasserfreunde.de\/index.php?rest_route=\/wp\/v2\/users\/4"}],"replies":[{"embeddable":true,"href":"https:\/\/www.svwasserfreunde.de\/index.php?rest_route=%2Fwp%2Fv2%2Fcomments&post=363"}],"version-history":[{"count":1,"href":"https:\/\/www.svwasserfreunde.de\/index.php?rest_route=\/wp\/v2\/posts\/363\/revisions"}],"predecessor-version":[{"id":365,"href":"https:\/\/www.svwasserfreunde.de\/index.php?rest_route=\/wp\/v2\/posts\/363\/revisions\/365"}],"wp:featuredmedia":[{"embeddable":true,"href":"https:\/\/www.svwasserfreunde.de\/index.php?rest_route=\/wp\/v2\/media\/364"}],"wp:attachment":[{"href":"https:\/\/www.svwasserfreunde.de\/index.php?rest_route=%2Fwp%2Fv2%2Fmedia&parent=363"}],"wp:term":[{"taxonomy":"category","embeddable":true,"href":"https:\/\/www.svwasserfreunde.de\/index.php?rest_route=%2Fwp%2Fv2%2Fcategories&post=363"},{"taxonomy":"post_tag","embeddable":true,"href":"https:\/\/www.svwasserfreunde.de\/index.php?rest_route=%2Fwp%2Fv2%2Ftags&post=363"}],"curies":[{"name":"wp","href":"https:\/\/api.w.org\/{rel}","templated":true}]}}