{"id":467,"date":"2022-07-16T10:07:00","date_gmt":"2022-07-16T09:07:00","guid":{"rendered":"https:\/\/www.svwasserfreunde.de\/?p=467"},"modified":"2022-08-16T10:19:47","modified_gmt":"2022-08-16T09:19:47","slug":"24h-schwimmen-ein-toller-rekord-zum-jubilaeum","status":"publish","type":"post","link":"https:\/\/www.svwasserfreunde.de\/?p=467","title":{"rendered":"24h-Schwimmen Ein toller Rekord zum Jubil\u00e4um"},"content":{"rendered":"\n<p>Das Jubil\u00e4um war ein voller Erfolg! Beim 25. Meininger 24-Stunden-Schwimmen gingen 497 Teilnehmer ins Wasser und schwammen insgesamt 2\u200a168\u200a000 Meter. F\u00fcr goldenen Glanz sorgte die dreifache Paralympics-Siegern Kirsten Bruhn, die Schirmherrin der Veranstaltung war.<a href=\"https:\/\/www.facebook.com\/sharer\/sharer.php?u=https%3A%2F%2Fwww.insuedthueringen.de%2Finhalt.24-stunden-schwimmen-ein-weltrekord-zum-jubilaeum.af31e244-4c65-4611-8121-8fc29ccd1742.html\"><\/a><\/p>\n\n\n\n<p><a href=\"https:\/\/twitter.com\/share?url=https:\/\/www.insuedthueringen.de\/inhalt.24-stunden-schwimmen-ein-weltrekord-zum-jubilaeum.af31e244-4c65-4611-8121-8fc29ccd1742.html\"><\/a><\/p>\n\n\n\n<p><a href=\"javascript:print();\"><\/a>Zwar war das Wetter am Samstag und Sonntag in Meiningen nicht gerade ideal f\u00fcr einen Ausflug in das Schwimmbad an der Rohrer Stirn, aber das k\u00fcmmerte die Teilnehmer der Jubil\u00e4ums-Ausgabe des 24-Stunden-Schwimmens nicht. Das Becken war gleich nach dem Auftakt gut gef\u00fcllt mit Schwimmern, die Bahn um Bahn abspulten. Insgesamt gingen fast 500 Teilnehmer ins Waser und brachten ihre geschwommenen 2 168 000 Meter in die Wertung ein. Es waren G\u00e4ste aus ganz Deutschland sowie aus Frankreich und der Schweiz. Auch das Thema Inklusion wurde am Wochenende an der Rohrer Stirn ganz gro\u00df geschrieben. Die Wasserfreunde hatten sich zum Ziel gesetzt, eine Inklusionsstaffel mit abwechselnd immer einem Aktiven mit und ohne Einschr\u00e4nkung ins Wasser zu bringen. Aus den geplanten 100-mal-100-Metern \u2013 also 100 Teilnehmern \u2013 wurden am Ende 128. Das ist rekordverd\u00e4chtig! W\u00e4hrend abends die feierw\u00fctigen bei der MDR-Jump-Party ausgelassen feierten, machten die Organisatoren durch \u2013 wie es f\u00fcr sie schon lange eine Selbstverst\u00e4ndlichkeit ist. Auch im Wasser gab es keine Pause: es wurde die ganze Nacht geschwommen! Der Sonntag brachte dann die letzten H\u00f6hepunkte: die Schulstaffel, den Wettbewerb um die kreativste Kopfbedeckung und das gro\u00dfe Finale mit den Siegerehrungen. Erstmals konnte der Meininger Schwimmklassiker wieder im gewohnten Format \u00fcber die B\u00fchne gehen. Die Wasserfreunde zeigten, dass sie es nicht verlernt haben. Sicherlich freuen sich heute schon alle auf das kommende Jahr, wenn die 26. Ausgabe ansteht. (ein Bericht von Ralf Ilgen vom 10.07.22)<\/p>\n\n\n\n<figure class=\"wp-block-image size-large\"><img loading=\"lazy\" decoding=\"async\" width=\"1024\" height=\"681\" src=\"https:\/\/www.svwasserfreunde.de\/wp-content\/uploads\/2022\/08\/2022_24h_043_49-1024x681.jpg\" alt=\"\" class=\"wp-image-471\" srcset=\"https:\/\/www.svwasserfreunde.de\/wp-content\/uploads\/2022\/08\/2022_24h_043_49-1024x681.jpg 1024w, https:\/\/www.svwasserfreunde.de\/wp-content\/uploads\/2022\/08\/2022_24h_043_49-300x200.jpg 300w, https:\/\/www.svwasserfreunde.de\/wp-content\/uploads\/2022\/08\/2022_24h_043_49-768x511.jpg 768w, https:\/\/www.svwasserfreunde.de\/wp-content\/uploads\/2022\/08\/2022_24h_043_49.jpg 1210w\" sizes=\"auto, (max-width: 1024px) 100vw, 1024px\" \/><figcaption>im Bild Kirsten Bruhn und Michael Brenz<\/figcaption><\/figure>\n\n\n\n<p>Weitere Eindr\u00fccke und Ergebnisse findet ihr hier: <a href=\"https:\/\/24-stunden-schwimmen.de\/ \">https:\/\/24-stunden-schwimmen.de\/ <\/a><\/p>\n","protected":false},"excerpt":{"rendered":"<p>Das Jubil\u00e4um war ein voller Erfolg! Beim 25. Meininger 24-Stunden-Schwimmen gingen 497 Teilnehmer ins Wasser und schwammen insgesamt 2\u200a168\u200a000 Meter. F\u00fcr goldenen Glanz sorgte die dreifache Paralympics-Siegern Kirsten Bruhn, die Schirmherrin der Veranstaltung war. Zwar war das Wetter am Samstag &hellip; <\/p>\n","protected":false},"author":4,"featured_media":385,"comment_status":"closed","ping_status":"open","sticky":false,"template":"","format":"standard","meta":{"footnotes":""},"categories":[1],"tags":[],"class_list":["post-467","post","type-post","status-publish","format-standard","has-post-thumbnail","hentry","category-uncategorized"],"_links":{"self":[{"href":"https:\/\/www.svwasserfreunde.de\/index.php?rest_route=\/wp\/v2\/posts\/467","targetHints":{"allow":["GET"]}}],"collection":[{"href":"https:\/\/www.svwasserfreunde.de\/index.php?rest_route=\/wp\/v2\/posts"}],"about":[{"href":"https:\/\/www.svwasserfreunde.de\/index.php?rest_route=\/wp\/v2\/types\/post"}],"author":[{"embeddable":true,"href":"https:\/\/www.svwasserfreunde.de\/index.php?rest_route=\/wp\/v2\/users\/4"}],"replies":[{"embeddable":true,"href":"https:\/\/www.svwasserfreunde.de\/index.php?rest_route=%2Fwp%2Fv2%2Fcomments&post=467"}],"version-history":[{"count":2,"href":"https:\/\/www.svwasserfreunde.de\/index.php?rest_route=\/wp\/v2\/posts\/467\/revisions"}],"predecessor-version":[{"id":472,"href":"https:\/\/www.svwasserfreunde.de\/index.php?rest_route=\/wp\/v2\/posts\/467\/revisions\/472"}],"wp:featuredmedia":[{"embeddable":true,"href":"https:\/\/www.svwasserfreunde.de\/index.php?rest_route=\/wp\/v2\/media\/385"}],"wp:attachment":[{"href":"https:\/\/www.svwasserfreunde.de\/index.php?rest_route=%2Fwp%2Fv2%2Fmedia&parent=467"}],"wp:term":[{"taxonomy":"category","embeddable":true,"href":"https:\/\/www.svwasserfreunde.de\/index.php?rest_route=%2Fwp%2Fv2%2Fcategories&post=467"},{"taxonomy":"post_tag","embeddable":true,"href":"https:\/\/www.svwasserfreunde.de\/index.php?rest_route=%2Fwp%2Fv2%2Ftags&post=467"}],"curies":[{"name":"wp","href":"https:\/\/api.w.org\/{rel}","templated":true}]}}