{"id":616,"date":"2023-03-04T16:44:27","date_gmt":"2023-03-04T15:44:27","guid":{"rendered":"https:\/\/www.svwasserfreunde.de\/?p=616"},"modified":"2023-03-16T16:45:40","modified_gmt":"2023-03-16T15:45:40","slug":"kampfrichter-ausbildung","status":"publish","type":"post","link":"https:\/\/www.svwasserfreunde.de\/?p=616","title":{"rendered":"Kampfrichter Ausbildung\u00a0"},"content":{"rendered":"\n<p>Die Unterst\u00fctzung unserer Eltern ist unbezahlbar\u2026<\/p>\n\n\n\n<p>5 unserer \u201eVatis\u201c haben sich am 04.M\u00e4rz auf den Weg nach Erfurt ins Sportgymnasium gemacht. Hier absolvierten sie erfolgreich den theoretischen Teil der Kampfrichterausbildung im Schwimmen. Nun folgen bei den kommenden Wettk\u00e4mpfen Praktika, um die Ausbildung erfolgreich ab zu schlie\u00dfen und in den Besitz der Wettkampfrichterlizenz zu kommen. Vielen Dank f\u00fcr das Engagement, ohne dass wir den Schwimmsport nicht aus\u00fcben k\u00f6nnten.<\/p>\n\n\n\n<p>Das Foto zeigt Matthias Beer (Ausbilder), und die Vatis Christian, Oliver, Martin, J\u00fcrgen und Daniel.<\/p>\n","protected":false},"excerpt":{"rendered":"<p>Die Unterst\u00fctzung unserer Eltern ist unbezahlbar\u2026 5 unserer \u201eVatis\u201c haben sich am 04.M\u00e4rz auf den Weg nach Erfurt ins Sportgymnasium gemacht. Hier absolvierten sie erfolgreich den theoretischen Teil der Kampfrichterausbildung im Schwimmen. Nun folgen bei den kommenden Wettk\u00e4mpfen Praktika, um &hellip; <\/p>\n","protected":false},"author":4,"featured_media":617,"comment_status":"closed","ping_status":"open","sticky":false,"template":"","format":"standard","meta":{"footnotes":""},"categories":[1],"tags":[],"class_list":["post-616","post","type-post","status-publish","format-standard","has-post-thumbnail","hentry","category-uncategorized"],"_links":{"self":[{"href":"https:\/\/www.svwasserfreunde.de\/index.php?rest_route=\/wp\/v2\/posts\/616","targetHints":{"allow":["GET"]}}],"collection":[{"href":"https:\/\/www.svwasserfreunde.de\/index.php?rest_route=\/wp\/v2\/posts"}],"about":[{"href":"https:\/\/www.svwasserfreunde.de\/index.php?rest_route=\/wp\/v2\/types\/post"}],"author":[{"embeddable":true,"href":"https:\/\/www.svwasserfreunde.de\/index.php?rest_route=\/wp\/v2\/users\/4"}],"replies":[{"embeddable":true,"href":"https:\/\/www.svwasserfreunde.de\/index.php?rest_route=%2Fwp%2Fv2%2Fcomments&post=616"}],"version-history":[{"count":1,"href":"https:\/\/www.svwasserfreunde.de\/index.php?rest_route=\/wp\/v2\/posts\/616\/revisions"}],"predecessor-version":[{"id":618,"href":"https:\/\/www.svwasserfreunde.de\/index.php?rest_route=\/wp\/v2\/posts\/616\/revisions\/618"}],"wp:featuredmedia":[{"embeddable":true,"href":"https:\/\/www.svwasserfreunde.de\/index.php?rest_route=\/wp\/v2\/media\/617"}],"wp:attachment":[{"href":"https:\/\/www.svwasserfreunde.de\/index.php?rest_route=%2Fwp%2Fv2%2Fmedia&parent=616"}],"wp:term":[{"taxonomy":"category","embeddable":true,"href":"https:\/\/www.svwasserfreunde.de\/index.php?rest_route=%2Fwp%2Fv2%2Fcategories&post=616"},{"taxonomy":"post_tag","embeddable":true,"href":"https:\/\/www.svwasserfreunde.de\/index.php?rest_route=%2Fwp%2Fv2%2Ftags&post=616"}],"curies":[{"name":"wp","href":"https:\/\/api.w.org\/{rel}","templated":true}]}}