{"id":644,"date":"2023-04-03T09:00:20","date_gmt":"2023-04-03T08:00:20","guid":{"rendered":"https:\/\/www.svwasserfreunde.de\/?p=644"},"modified":"2023-04-03T09:00:20","modified_gmt":"2023-04-03T08:00:20","slug":"01-04-23-fruehjahrsputz-fuer-unsere-stadt","status":"publish","type":"post","link":"https:\/\/www.svwasserfreunde.de\/?p=644","title":{"rendered":"01.04.23 Fr\u00fchjahrsputz f\u00fcr unsere Stadt"},"content":{"rendered":"\n<p>Auch die Meininger Wasserfreunde waren am Samstag dabei unsere Stadt ein bisschen sauberer zu machen. Dabei wurden im Bereich Rohrer Stra\u00dfe bis hin zum Schwimmbad nicht nur Unmengen an Plastikm\u00fcll und Flaschen sondern auch ein Gartenschlauch, Brillen und Batterien sicher gestellt. Vielen Dank an alle flei\u00dfigen Helfer.<\/p>\n\n\n\n<p>W\u00e4hrend die eine Abordnung flei\u00dfig M\u00fcll sammelte, lie\u00df HaiNo die Verbindung zum neuen Standort der Badekappenausgabe zum 24h Schwimmen verlegen &#8230; &#8222;ein Leerrohr f\u00fcr ein WLAN Kabel&#8220;, haben die Wasserfreunde gesagt. Naja, wer&#8217;s glaubt\u00a0<img loading=\"lazy\" decoding=\"async\" height=\"16\" width=\"16\" src=\"https:\/\/static.xx.fbcdn.net\/images\/emoji.php\/v9\/tac\/1.5\/16\/1f605.png\" alt=\"&#x1f605;\">\u00a0&#8230; und wie es sich f\u00fcr echte Wasserfreunde geh\u00f6rt, haben die solche Arbeiten nat\u00fcrlich nur ausgef\u00fchrt, wenn sie auch anst\u00e4ndig Wasser um sich hatten, diesmal von oben\u00a0<img loading=\"lazy\" decoding=\"async\" height=\"16\" width=\"16\" src=\"https:\/\/static.xx.fbcdn.net\/images\/emoji.php\/v9\/t29\/1.5\/16\/1f327.png\" alt=\"&#x1f327;\">\u00a0Bleibt nur die Hoffnung, dass die Datenleitung am 24. und 25. Juni 2023 steht und Petrus dann wieder die Sonne raus l\u00e4sst.<\/p>\n\n\n\n<figure class=\"wp-block-image size-large\"><img loading=\"lazy\" decoding=\"async\" width=\"1024\" height=\"1024\" src=\"https:\/\/www.svwasserfreunde.de\/wp-content\/uploads\/2023\/04\/339292484_3404827236395657_1840320817574877966_n-1024x1024.jpg\" alt=\"\" class=\"wp-image-646\" srcset=\"https:\/\/www.svwasserfreunde.de\/wp-content\/uploads\/2023\/04\/339292484_3404827236395657_1840320817574877966_n-1024x1024.jpg 1024w, https:\/\/www.svwasserfreunde.de\/wp-content\/uploads\/2023\/04\/339292484_3404827236395657_1840320817574877966_n-300x300.jpg 300w, https:\/\/www.svwasserfreunde.de\/wp-content\/uploads\/2023\/04\/339292484_3404827236395657_1840320817574877966_n-150x150.jpg 150w, https:\/\/www.svwasserfreunde.de\/wp-content\/uploads\/2023\/04\/339292484_3404827236395657_1840320817574877966_n-768x768.jpg 768w, https:\/\/www.svwasserfreunde.de\/wp-content\/uploads\/2023\/04\/339292484_3404827236395657_1840320817574877966_n-1536x1536.jpg 1536w, https:\/\/www.svwasserfreunde.de\/wp-content\/uploads\/2023\/04\/339292484_3404827236395657_1840320817574877966_n-111x111.jpg 111w, https:\/\/www.svwasserfreunde.de\/wp-content\/uploads\/2023\/04\/339292484_3404827236395657_1840320817574877966_n.jpg 2000w\" sizes=\"auto, (max-width: 1024px) 100vw, 1024px\" \/><\/figure>\n","protected":false},"excerpt":{"rendered":"<p>Auch die Meininger Wasserfreunde waren am Samstag dabei unsere Stadt ein bisschen sauberer zu machen. Dabei wurden im Bereich Rohrer Stra\u00dfe bis hin zum Schwimmbad nicht nur Unmengen an Plastikm\u00fcll und Flaschen sondern auch ein Gartenschlauch, Brillen und Batterien sicher &hellip; <\/p>\n","protected":false},"author":4,"featured_media":645,"comment_status":"closed","ping_status":"open","sticky":false,"template":"","format":"standard","meta":{"footnotes":""},"categories":[1],"tags":[],"class_list":["post-644","post","type-post","status-publish","format-standard","has-post-thumbnail","hentry","category-uncategorized"],"_links":{"self":[{"href":"https:\/\/www.svwasserfreunde.de\/index.php?rest_route=\/wp\/v2\/posts\/644","targetHints":{"allow":["GET"]}}],"collection":[{"href":"https:\/\/www.svwasserfreunde.de\/index.php?rest_route=\/wp\/v2\/posts"}],"about":[{"href":"https:\/\/www.svwasserfreunde.de\/index.php?rest_route=\/wp\/v2\/types\/post"}],"author":[{"embeddable":true,"href":"https:\/\/www.svwasserfreunde.de\/index.php?rest_route=\/wp\/v2\/users\/4"}],"replies":[{"embeddable":true,"href":"https:\/\/www.svwasserfreunde.de\/index.php?rest_route=%2Fwp%2Fv2%2Fcomments&post=644"}],"version-history":[{"count":1,"href":"https:\/\/www.svwasserfreunde.de\/index.php?rest_route=\/wp\/v2\/posts\/644\/revisions"}],"predecessor-version":[{"id":647,"href":"https:\/\/www.svwasserfreunde.de\/index.php?rest_route=\/wp\/v2\/posts\/644\/revisions\/647"}],"wp:featuredmedia":[{"embeddable":true,"href":"https:\/\/www.svwasserfreunde.de\/index.php?rest_route=\/wp\/v2\/media\/645"}],"wp:attachment":[{"href":"https:\/\/www.svwasserfreunde.de\/index.php?rest_route=%2Fwp%2Fv2%2Fmedia&parent=644"}],"wp:term":[{"taxonomy":"category","embeddable":true,"href":"https:\/\/www.svwasserfreunde.de\/index.php?rest_route=%2Fwp%2Fv2%2Fcategories&post=644"},{"taxonomy":"post_tag","embeddable":true,"href":"https:\/\/www.svwasserfreunde.de\/index.php?rest_route=%2Fwp%2Fv2%2Ftags&post=644"}],"curies":[{"name":"wp","href":"https:\/\/api.w.org\/{rel}","templated":true}]}}