{"id":680,"date":"2023-04-27T13:27:00","date_gmt":"2023-04-27T12:27:00","guid":{"rendered":"https:\/\/www.svwasserfreunde.de\/?p=680"},"modified":"2023-05-05T07:26:15","modified_gmt":"2023-05-05T06:26:15","slug":"endlich-wieder-normalitaet","status":"publish","type":"post","link":"https:\/\/www.svwasserfreunde.de\/?p=680","title":{"rendered":"26.04.23 Mitgliederversammlung mit Wahl des Vorstandes"},"content":{"rendered":"\n<p><strong>Meininger Wasserfreunde ziehen Bilanz der letzten 4 Jahre<\/strong><\/p>\n\n\n\n<p>Selten war eine Mitgliederversammlung bei den Meininger Wasserfreunden in der Vergangenheit so gut besucht. Knapp 60 Mitglieder, sowie B\u00fcrgermeister Fabian Giesder und Andr\u00e9 Schedler, der Vereinsberater des Kreissportbundes, nahmen die Berichte des Vorstandes, der Jugend, der Gesundheitsgruppe, des Schwimmwarts, der Finanzen und der Kassenpr\u00fcfer entgegen. Die zwei G\u00e4ste lobten in ihren Redebeitr\u00e4gen die umfangreiche Vereinsarbeit im und neben dem Wasser.<\/p>\n\n\n\n<p>Da der Schwimmverein w\u00e4hrend der Zeit mit den pandemiebedingten Einschr\u00e4nkungen keine Versammlungen durchgef\u00fchrt hat, standen 4 Jahre im Fokus der Berichte. Der R\u00fcckblick beschr\u00e4nkte sich im Wesentlichen aber auf die positiven Aktivit\u00e4ten w\u00e4hrend der traurigen Zeit, wie zum Beispiel das Online-Training, die H\u00fcttentour, die HaiNo-Challenge zur Sommerolympiade, das zweimalige 24-Tage-Schwimmen und die weiteren Versuche, den Sport- und Vereinsbetrieb zu retten. Im Namen der Gesundheitssportler sprach Dr. Karl-Christian M\u00fcller den Meininger Stadtwerken und der Stadt Meiningen einen gro\u00dfen Dank aus, da der Gesundheitssport auch w\u00e4hrend der langen Corona-Einschr\u00e4nkungen fast ununterbrochen durchgef\u00fchrt werden konnte.<\/p>\n\n\n\n<p>Stillstand gab es zu keiner Zeit. So konzipierten die Wasserfreunde die Schwimmausbildung neu und brachten 2022 ihre neue Schwimmschule an den Start. Eltern k\u00f6nnen seitdem online die Kurse buchen und die Kinder abh\u00e4ngig von den individuellen F\u00e4higkeiten das Schwimmen lernen. Und da die Nachwuchsarbeit seit vielen Jahren eine wichtige S\u00e4ule im Verein darstellt, wurden der Jugend mit der Bildung eines Jugendvorstandes mehr Mitbestimmungsm\u00f6glichkeiten gegeben. Stolz ist man im Verein auf aktuell 167 aktive Kinder und Jugendliche im Schwimmsport, darunter 111 Breitensportorientierte und 4 Aktive mit Handicap.<\/p>\n\n\n\n<p>Dank stabiler Mitgliederzahlen, guter F\u00fchrung sowie der andauernden Unterst\u00fctzung durch Sponsoren, Sportb\u00fcnde, Kreis, Stadt und Stadtwerke ist der Verein finanziell gut aufgestellt, was Finanzchefin Anke Scherbaum und die kurzfristig eingesprungene Kassenpr\u00fcferin Renate Grimm mit Blick auf die Zahlen von 2019 bis 2022 attestierten.<\/p>\n\n\n\n<p>Der alte Vorstand wurde einstimmig entlastet und die neuen Vorstandsmitglieder ohne Gegenstimmen gew\u00e4hlt. F\u00fcr die n\u00e4chsten zwei Jahre f\u00fchren Michael Brenz als Vorsitzender, Dirk Bradschetl als Vize, Anke Scherbaum als Finanzwart und Diana Nuhn als Schriftf\u00fchrerin den Verein. Ebenso zum neuen Vorstand geh\u00f6ren Alexander M\u00fcnch als Jugendwart, Janette Roth als 1. Vorsitzende des Jugendvorstandes, J\u00f6rg Kleinsteiber als Schwimmwart sowie Thomas Granzow als H\u00fcttenwart. Die Positionen des Seniorenwarts und der Elternvertretung bleiben vorerst unbesetzt. Nach dem Ausscheiden der alten Kassenpr\u00fcfer Thomas Wahlen und R\u00fcdiger Paura werden zuk\u00fcnftig Maren Badalus und Ulrike H\u00fcther die Finanzen der Wasserfreunde pr\u00fcfen. Die zwei Neugew\u00e4hlten wurden wie auch die umfassende Satzungs\u00e4nderung einstimmig best\u00e4tigt.<\/p>\n\n\n\n<p>Im Namen des Landessportbundes ehrte Andr\u00e9 Schedler vom Kreissportbund Schmalkalden Meiningen f\u00fcr langj\u00e4hriges und au\u00dfergew\u00f6hnliches Engagement Solveig Baumann mit der Ehrennadel des LSB und Anke Scherbaum mit der GutsMuths-Plakette in Bronze.<\/p>\n\n\n\n<p>Sandy Kleinsteiber, die seit 2020 die Gesch\u00e4ftsstelle des Vereins leitet gab noch einen Ausblick auf die bevorstehenden Aktivit\u00e4ten in diesem Jahr und auf die Informations- und Interaktionsm\u00f6glichkeiten der neuen Homepage. Hier k\u00f6nnen sich alle umfassend informieren und sich zum Beispiel auch f\u00fcr neue Schwimmkurse oder als Helfer bei Veranstaltungen eintragen. Und flei\u00dfig Helfende ben\u00f6tigen die Wasserfreunde nicht nur beim 24-Stunden-Schwimmen, sondern auch bei vielen anderen Formaten.<\/p>\n\n\n\n<figure class=\"wp-block-image size-large\"><img loading=\"lazy\" decoding=\"async\" width=\"1024\" height=\"768\" src=\"https:\/\/www.svwasserfreunde.de\/wp-content\/uploads\/2023\/05\/31ee52e5-4894-46bd-834b-25f903ad296d-1024x768.jpg\" alt=\"\" class=\"wp-image-682\" srcset=\"https:\/\/www.svwasserfreunde.de\/wp-content\/uploads\/2023\/05\/31ee52e5-4894-46bd-834b-25f903ad296d-1024x768.jpg 1024w, https:\/\/www.svwasserfreunde.de\/wp-content\/uploads\/2023\/05\/31ee52e5-4894-46bd-834b-25f903ad296d-300x225.jpg 300w, https:\/\/www.svwasserfreunde.de\/wp-content\/uploads\/2023\/05\/31ee52e5-4894-46bd-834b-25f903ad296d-768x576.jpg 768w, https:\/\/www.svwasserfreunde.de\/wp-content\/uploads\/2023\/05\/31ee52e5-4894-46bd-834b-25f903ad296d-1536x1152.jpg 1536w, https:\/\/www.svwasserfreunde.de\/wp-content\/uploads\/2023\/05\/31ee52e5-4894-46bd-834b-25f903ad296d.jpg 2048w\" sizes=\"auto, (max-width: 1024px) 100vw, 1024px\" \/><figcaption class=\"wp-element-caption\">Anke Scherbaum erh\u00e4lt als Auszeichnung die GutsMuths Plakette in Bronze<\/figcaption><\/figure>\n\n\n\n<figure class=\"wp-block-image size-large\"><img loading=\"lazy\" decoding=\"async\" width=\"1024\" height=\"768\" src=\"https:\/\/www.svwasserfreunde.de\/wp-content\/uploads\/2023\/05\/6d2bd8b6-e912-4f89-a0c3-a6aa1a311d8a-1024x768.jpg\" alt=\"\" class=\"wp-image-683\" srcset=\"https:\/\/www.svwasserfreunde.de\/wp-content\/uploads\/2023\/05\/6d2bd8b6-e912-4f89-a0c3-a6aa1a311d8a-1024x768.jpg 1024w, https:\/\/www.svwasserfreunde.de\/wp-content\/uploads\/2023\/05\/6d2bd8b6-e912-4f89-a0c3-a6aa1a311d8a-300x225.jpg 300w, https:\/\/www.svwasserfreunde.de\/wp-content\/uploads\/2023\/05\/6d2bd8b6-e912-4f89-a0c3-a6aa1a311d8a-768x576.jpg 768w, https:\/\/www.svwasserfreunde.de\/wp-content\/uploads\/2023\/05\/6d2bd8b6-e912-4f89-a0c3-a6aa1a311d8a-1536x1152.jpg 1536w, https:\/\/www.svwasserfreunde.de\/wp-content\/uploads\/2023\/05\/6d2bd8b6-e912-4f89-a0c3-a6aa1a311d8a.jpg 2048w\" sizes=\"auto, (max-width: 1024px) 100vw, 1024px\" \/><figcaption class=\"wp-element-caption\">Solveig Baumann erh\u00e4lt die Ehrennadel des LSB<\/figcaption><\/figure>\n","protected":false},"excerpt":{"rendered":"<p>Meininger Wasserfreunde ziehen Bilanz der letzten 4 Jahre Selten war eine Mitgliederversammlung bei den Meininger Wasserfreunden in der Vergangenheit so gut besucht. Knapp 60 Mitglieder, sowie B\u00fcrgermeister Fabian Giesder und Andr\u00e9 Schedler, der Vereinsberater des Kreissportbundes, nahmen die Berichte des &hellip; <\/p>\n","protected":false},"author":4,"featured_media":681,"comment_status":"closed","ping_status":"open","sticky":false,"template":"","format":"standard","meta":{"footnotes":""},"categories":[1],"tags":[],"class_list":["post-680","post","type-post","status-publish","format-standard","has-post-thumbnail","hentry","category-uncategorized"],"_links":{"self":[{"href":"https:\/\/www.svwasserfreunde.de\/index.php?rest_route=\/wp\/v2\/posts\/680","targetHints":{"allow":["GET"]}}],"collection":[{"href":"https:\/\/www.svwasserfreunde.de\/index.php?rest_route=\/wp\/v2\/posts"}],"about":[{"href":"https:\/\/www.svwasserfreunde.de\/index.php?rest_route=\/wp\/v2\/types\/post"}],"author":[{"embeddable":true,"href":"https:\/\/www.svwasserfreunde.de\/index.php?rest_route=\/wp\/v2\/users\/4"}],"replies":[{"embeddable":true,"href":"https:\/\/www.svwasserfreunde.de\/index.php?rest_route=%2Fwp%2Fv2%2Fcomments&post=680"}],"version-history":[{"count":2,"href":"https:\/\/www.svwasserfreunde.de\/index.php?rest_route=\/wp\/v2\/posts\/680\/revisions"}],"predecessor-version":[{"id":711,"href":"https:\/\/www.svwasserfreunde.de\/index.php?rest_route=\/wp\/v2\/posts\/680\/revisions\/711"}],"wp:featuredmedia":[{"embeddable":true,"href":"https:\/\/www.svwasserfreunde.de\/index.php?rest_route=\/wp\/v2\/media\/681"}],"wp:attachment":[{"href":"https:\/\/www.svwasserfreunde.de\/index.php?rest_route=%2Fwp%2Fv2%2Fmedia&parent=680"}],"wp:term":[{"taxonomy":"category","embeddable":true,"href":"https:\/\/www.svwasserfreunde.de\/index.php?rest_route=%2Fwp%2Fv2%2Fcategories&post=680"},{"taxonomy":"post_tag","embeddable":true,"href":"https:\/\/www.svwasserfreunde.de\/index.php?rest_route=%2Fwp%2Fv2%2Ftags&post=680"}],"curies":[{"name":"wp","href":"https:\/\/api.w.org\/{rel}","templated":true}]}}